{"id":251365,"date":"2025-10-02T20:06:27","date_gmt":"2025-10-02T18:06:27","guid":{"rendered":"https:\/\/www.messinaoggi.it\/website\/2025\/10\/02\/alle-gallerie-ditalia-di-vicenza-la-mostra-cristina-mittermeier\/"},"modified":"2025-10-02T20:06:27","modified_gmt":"2025-10-02T18:06:27","slug":"alle-gallerie-ditalia-di-vicenza-la-mostra-cristina-mittermeier","status":"publish","type":"post","link":"https:\/\/www.messinaoggi.it\/website\/2025\/10\/02\/alle-gallerie-ditalia-di-vicenza-la-mostra-cristina-mittermeier\/","title":{"rendered":"Alle Gallerie d\u2019Italia di Vicenza la mostra \u201cCristina Mittermeier\u201d"},"content":{"rendered":"<div>VICENZA (ITALPRESS) &#8211; Intesa Sanpaolo apre al pubblico dal 3 ottobre 2025 al 15 febbraio 2026, nel suo museo delle Gallerie d&#8217;Italia &#8211; Vicenza, la mostra &#8220;Cristina Mittermeier. La Grande Saggezza&#8221; a cura di Lauren Johnston e in collaborazione con National Geographic.<br \/>Dopo una prima esposizione alle Gallerie d&#8217;Italia di Torino nel 2024 e successivamente alla Galleria d&#8217;arte moderna di Palermo, la mostra giunge ora a Vicenza con circa 80 fotografie, di cui tre inedite, offrendo una panoramica sull&#8217;importante lavoro di ricerca di Cristina Mittermeier, fotografa, biologa marina e attivista che, nel corso degli anni, ha documentato la bellezza del nostro pianeta, dai paesaggi alla fauna selvatica in continua evoluzione, alle diverse culture e tradizioni delle popolazioni che vivono in simbiosi con la natura.<br \/>Il percorso espositivo si sviluppa attorno ai tre grandi temi del mondo sottomarino, del mondo terrestre e dei popoli tribali ed esplicita l&#8217;idea dell&#8217;artista di &#8220;enoughness&#8221; come via per comprendere quale sia il nostro posto all&#8217;interno dell&#8217;ecosistema globale, invitandoci a una riflessione su quanto e cosa sia per noi &#8216;abbastanz\u00e0 e a prendere in considerazione un&#8217;esistenza pi\u00f9 sostenibile e consapevole.<br \/>Mittermeier collabora con comunit\u00e0 di tutto il mondo per raccontare il solido legame che ancora le unisce alla natura e la loro profonda comprensione del delicato equilibrio che sostiene l&#8217;ecosistema dell&#8217;intero pianeta. Attraverso le sue fotografie testimonia tradizioni, rituali e conoscenze tramandate di generazione in generazione e ci invita a riflettere sulla &#8220;grande saggezza&#8221; alla base del mondo.<br \/>Michele Coppola, Executive Director Arte Cultura e Beni Storici Intesa Sanpaolo, afferma: &#8220;Cristina Mittermeier, con le sue fotografie, ci regala immagini di rara intensit\u00e0 che emozionano e ci spronano a riflettere sul nostro rapporto con l&#8217;ambiente. Attraverso la forza universale della fotografia, le Gallerie d&#8217;Italia rinnovano il proprio impegno sociale e culturale, mostrandosi come musei aperti e inclusivi, capaci di dialogare con pubblici sempre pi\u00f9 ampi. Questa mostra invita tutti a scoprire la bellezza della natura e a comprendere quanto sia essenziale custodirla per le generazioni future&#8221;.<br \/>Le fotografie di Cristina Mittermeier ricordano che gli esseri umani non sono creature isolate, ma membri di una societ\u00e0 interconnessa. Utilizzare con saggezza le risorse limitate del nostro pianeta \u00e8 fondamentale per il futuro dell&#8217;umanit\u00e0, in particolare la salute degli oceani ha un impatto diretto sul nostro clima, sull&#8217;aria che respiriamo e sul cibo che consumiamo. Ogni comunit\u00e0 sulla Terra \u00e8 parte dell&#8217;ecosistema globale e le scelte fatte oggi possono plasmare collettivamente il futuro del pianeta. Guardando al futuro, l&#8217;umanit\u00e0 ha molto da imparare molto dalla &#8220;grande saggezza&#8221; del passato.<br \/>Cristina Mittermeier \u00e8 co-fondatrice e presidente dell&#8217;associazione SeaLegacy, nata nel 2014 dall&#8217;unione tra fotografi, registi e scrittori di fama internazionale impegnati da quasi due decenni nella sensibilizzazione per la difesa degli oceani, dalla cui salvaguardia dipende la vita sulla Terra.<br \/>La mostra sar\u00e0 affiancata da attivit\u00e0 didattiche e laboratori per le scuole, itinerari tematici per i visitatori, family lab e un ciclo di public program #INSIDE, appuntamenti gratuiti aperti alla cittadinanza. Ad inaugurare gli appuntamenti uno special talk con Cristina Mittemeier in programma gioved\u00ec 2 ottobre alle ore 18:00 in collaborazione con National Geographic: un&#8217;opportunit\u00e0 per ascoltare la voce di una delle fotografe e attiviste pi\u00f9 influenti nel campo della conservazione ambientale, con un invito ad esplorare l&#8217;idea dell&#8217;artista di enoughness\/abbastanza come un modo di pensare al nostro posto nell&#8217;ecosistema globale.<br \/>Il museo di Vicenza, insieme a quelli di Milano, Napoli e Torino, \u00e8 parte del progetto museale Gallerie d&#8217;Italia di Intesa Sanpaolo, guidato da Michele Coppola &#8211; Executive Director Arte, Cultura e Beni Storici della Banca e Direttore Generale Gallerie d&#8217;Italia.<br \/>-foto ufficio stampa Intesa Sanpaolo-<br \/>(ITALPRESS).<\/div>\n<div id=\"div-gpt-ad-Messinaoggi.it-DSK-300x250-corpoart\" style=\"text-align:center;margin:0 auto;\"><\/div><\/p><div id=\"videoincontent\" style=\"clear:both\";><\/div>","protected":false},"excerpt":{"rendered":"<p>VICENZA (ITALPRESS) &#8211; Intesa Sanpaolo apre al pubblico dal 3 ottobre 2025 al 15 febbraio 2026, nel suo museo delle Gallerie d&#8217;Italia &#8211; Vicenza, la mostra &#8220;Cristina Mittermeier. La Grande Saggezza&#8221; a cura di Lauren Johnston e in collaborazione con National Geographic.Dopo una prima esposizione alle Gallerie d&#8217;Italia di Torino nel 2024 e successivamente alla [&hellip;]<\/p>\n","protected":false},"author":18,"featured_media":251366,"comment_status":"closed","ping_status":"closed","sticky":false,"template":"","format":"standard","meta":{"ub_ctt_via":"","_mi_skip_tracking":false},"categories":[446],"tags":[783],"featured_image_src":"https:\/\/www.messinaoggi.it\/website\/wp-content\/uploads\/2025\/10\/20251002_2120.jpg","author_info":{"display_name":"Admin","author_link":"https:\/\/www.messinaoggi.it\/website\/author\/admin\/"},"digistream_id":0,"digistream":false,"_links":{"self":[{"href":"https:\/\/www.messinaoggi.it\/website\/wp-json\/wp\/v2\/posts\/251365"}],"collection":[{"href":"https:\/\/www.messinaoggi.it\/website\/wp-json\/wp\/v2\/posts"}],"about":[{"href":"https:\/\/www.messinaoggi.it\/website\/wp-json\/wp\/v2\/types\/post"}],"author":[{"embeddable":true,"href":"https:\/\/www.messinaoggi.it\/website\/wp-json\/wp\/v2\/users\/18"}],"replies":[{"embeddable":true,"href":"https:\/\/www.messinaoggi.it\/website\/wp-json\/wp\/v2\/comments?post=251365"}],"version-history":[{"count":0,"href":"https:\/\/www.messinaoggi.it\/website\/wp-json\/wp\/v2\/posts\/251365\/revisions"}],"wp:featuredmedia":[{"embeddable":true,"href":"https:\/\/www.messinaoggi.it\/website\/wp-json\/wp\/v2\/media\/251366"}],"wp:attachment":[{"href":"https:\/\/www.messinaoggi.it\/website\/wp-json\/wp\/v2\/media?parent=251365"}],"wp:term":[{"taxonomy":"category","embeddable":true,"href":"https:\/\/www.messinaoggi.it\/website\/wp-json\/wp\/v2\/categories?post=251365"},{"taxonomy":"post_tag","embeddable":true,"href":"https:\/\/www.messinaoggi.it\/website\/wp-json\/wp\/v2\/tags?post=251365"}],"curies":[{"name":"wp","href":"https:\/\/api.w.org\/{rel}","templated":true}]}}