{"id":251357,"date":"2025-10-02T16:06:27","date_gmt":"2025-10-02T14:06:27","guid":{"rendered":"https:\/\/www.messinaoggi.it\/website\/2025\/10\/02\/attacco-a-sinagoga-di-manchester-4-feriti-colpito-lattentatore\/"},"modified":"2025-10-02T16:06:27","modified_gmt":"2025-10-02T14:06:27","slug":"attacco-a-sinagoga-di-manchester-4-feriti-colpito-lattentatore","status":"publish","type":"post","link":"https:\/\/www.messinaoggi.it\/website\/2025\/10\/02\/attacco-a-sinagoga-di-manchester-4-feriti-colpito-lattentatore\/","title":{"rendered":"Attacco a sinagoga di Manchester, 4 feriti. Colpito l\u2019attentatore"},"content":{"rendered":"<div>MANCHESTER (REGNO UNITO) (ITALPRESS) &#8211; Quattro persone sono rimaste ferite nell&#8217;attacco a sinagoga di Manchester, nella zona di Crumpsall. Il presunto attentatore \u00e8 stato colpito dalla polizia, intervenuta in seguito alla chiamata di un cittadino che aveva riferito di un veicolo che si stava dirigendo verso i pedoni. Sul posto anche diverse ambulanze per soccorrere i feriti. &#8220;La polizia \u00e8 stata chiamata alla sinagoga della congregazione ebraica di Heaton Park, in Middleton Road, Crumpsall, da un cittadino, che ha dichiarato di aver visto un&#8217;auto dirigersi verso alcuni cittadini e che un uomo era stato accoltellato&#8221;, si legge nella dichiarazione della polizia. &#8220;L&#8217;individuo non ha avuto accesso all&#8217;edificio&#8221;, precisa la polizia. &#8220;Si tratta di un incidente grave, ma posso rassicurare che il pericolo immediato sembra essere passato&#8221;, ha detto il sindaco di Manchester, Andy Burnham. <br \/>L&#8217;attacco \u00e8 avvenuto durante la festa ebraica dello Yom Kippur, il giorno pi\u00f9 sacro del calendario religioso ebraico, durante il quale molti si recano in sinagoga. La sinagoga di Manchester, luogo di culto dal 1967, \u00e8 frequentata dai fedeli ortodossi ashkenaziti. Il primo ministro Keir Starmer \u00e8 stato informato dell&#8217;attacco e torner\u00e0 in anticipo il vertice della Comunit\u00e0 politica europea di Copenaghen e rientrer\u00e0 a Londra a breve per presiedere, nel pomeriggio, una riunione del comitato di emergenza COBR del governo. &#8220;Sono sconvolto dall&#8217;attacco alla sinagoga di Crumpsall. Il fatto che sia accaduto durante lo Yom Kippur, il giorno pi\u00f9 sacro del calendario ebraico, rende la cosa ancora pi\u00f9 orribile. I miei pensieri sono rivolti ai cari di tutte le persone colpite e il mio ringraziamento va ai servizi di emergenza e a tutti i primi soccorritori&#8221;, ha detto il premier britannico.<br \/>(ITALPRESS).<div id=\"div-gpt-ad-Messinaoggi.it-DSK-300x250-corpoart\" style=\"text-align:center;margin:0 auto;\"><\/div><\/p>\n<p>&#8211; foto: Ipa Agency &#8211;<div id=\"videoincontent\" style=\"clear:both\";><\/div><\/p><\/div>\n","protected":false},"excerpt":{"rendered":"<p>MANCHESTER (REGNO UNITO) (ITALPRESS) &#8211; Quattro persone sono rimaste ferite nell&#8217;attacco a sinagoga di Manchester, nella zona di Crumpsall. Il presunto attentatore \u00e8 stato colpito dalla polizia, intervenuta in seguito alla chiamata di un cittadino che aveva riferito di un veicolo che si stava dirigendo verso i pedoni. Sul posto anche diverse ambulanze per soccorrere [&hellip;]<\/p>\n","protected":false},"author":18,"featured_media":251358,"comment_status":"closed","ping_status":"closed","sticky":false,"template":"","format":"standard","meta":{"ub_ctt_via":"","_mi_skip_tracking":false},"categories":[446],"tags":[783],"featured_image_src":"https:\/\/www.messinaoggi.it\/website\/wp-content\/uploads\/2025\/10\/20251002_0742.jpg","author_info":{"display_name":"Admin","author_link":"https:\/\/www.messinaoggi.it\/website\/author\/admin\/"},"digistream_id":0,"digistream":false,"_links":{"self":[{"href":"https:\/\/www.messinaoggi.it\/website\/wp-json\/wp\/v2\/posts\/251357"}],"collection":[{"href":"https:\/\/www.messinaoggi.it\/website\/wp-json\/wp\/v2\/posts"}],"about":[{"href":"https:\/\/www.messinaoggi.it\/website\/wp-json\/wp\/v2\/types\/post"}],"author":[{"embeddable":true,"href":"https:\/\/www.messinaoggi.it\/website\/wp-json\/wp\/v2\/users\/18"}],"replies":[{"embeddable":true,"href":"https:\/\/www.messinaoggi.it\/website\/wp-json\/wp\/v2\/comments?post=251357"}],"version-history":[{"count":0,"href":"https:\/\/www.messinaoggi.it\/website\/wp-json\/wp\/v2\/posts\/251357\/revisions"}],"wp:featuredmedia":[{"embeddable":true,"href":"https:\/\/www.messinaoggi.it\/website\/wp-json\/wp\/v2\/media\/251358"}],"wp:attachment":[{"href":"https:\/\/www.messinaoggi.it\/website\/wp-json\/wp\/v2\/media?parent=251357"}],"wp:term":[{"taxonomy":"category","embeddable":true,"href":"https:\/\/www.messinaoggi.it\/website\/wp-json\/wp\/v2\/categories?post=251357"},{"taxonomy":"post_tag","embeddable":true,"href":"https:\/\/www.messinaoggi.it\/website\/wp-json\/wp\/v2\/tags?post=251357"}],"curies":[{"name":"wp","href":"https:\/\/api.w.org\/{rel}","templated":true}]}}