{"id":251340,"date":"2025-10-02T13:06:55","date_gmt":"2025-10-02T11:06:55","guid":{"rendered":"https:\/\/www.messinaoggi.it\/website\/2025\/10\/02\/flotilla-salvini-a-rischio-un-processo-di-pace-delicato-e-complicato\/"},"modified":"2025-10-02T13:06:55","modified_gmt":"2025-10-02T11:06:55","slug":"flotilla-salvini-a-rischio-un-processo-di-pace-delicato-e-complicato","status":"publish","type":"post","link":"https:\/\/www.messinaoggi.it\/website\/2025\/10\/02\/flotilla-salvini-a-rischio-un-processo-di-pace-delicato-e-complicato\/","title":{"rendered":"Flotilla, Salvini \u201cA rischio un processo di pace delicato e complicato\u201d"},"content":{"rendered":"<div>ROMA (ITALPRESS) &#8211; <em>&#8220;Non sono in contatto con nessuno della Flotilla. Se ne occupano i miei colleghi ministri e lascio a loro il dialogo con persone che stanno mettendo a rischio la propria vita e un processo di pace delicatissimo. Quando, dopo mesi di sangue, di morti, di conflitti e scontri, il presidente Trump invita il premier israeliano e lo convince, magari controvoglia, ad accettare un percorso di pace sostenuto dal Papa, dall&#8217;Unione Europea, siamo in attesa dell&#8217;ok di Hamas&#8221;.<\/em> Cos\u00ec il vicepremier e ministro delle Infrastrutture e dei Trasporti, Matteo <strong>Salvini,<\/strong> a &#8220;Non Stop News&#8221;, su Rtl 102.5.<div id=\"div-gpt-ad-Messinaoggi.it-DSK-300x250-corpoart\" style=\"text-align:center;margin:0 auto;\"><\/div><\/p>\n<p><em>&#8220;Questo ci spiega il momento storico che stiamo vivendo da parte delle democrazie, che attendono il s\u00ec o il no dei terroristi islamici di Hamas. Facciamocelo andare bene<\/em> &#8211; aggiunge -. <em>Poi ci sono 40 barche a vela che rischiano di far saltare il processo, vi rendete conto della follia? Fino ad ora ci sono state proteste, ma nessuno si \u00e8 fatto male. E&#8217; chiaro che quando si entra in un teatro di guerra ci si espone a dei rischi. Il governo italiano tutela i cittadini. E&#8217; chiaro che la situazione si complica. Stanno mettendo a rischio un processo di pace delicato e complicato. Io, da ministro dei Trasporti, ho il dovere di intervenire sullo sciopero di domani per permettere ai cittadini di andare a scuola, a lavorare, a fare un esame medico che aspettano da sei mesi. Se uno si siede sui binari bloccando dei lavoratori che, dopo ore e ore di turno, vogliono tornare a casa dalla propria famiglia, non sta aiutando Gaza, sta commettendo un reato&#8221;.<\/em><div id=\"videoincontent\" style=\"clear:both\";><\/div><\/p>\n<p><em>\u00abIl diritto allo sciopero \u00e8 sacrosanto in un Paese libero come il nostro, ma non lo \u00e8 il diritto al caos o allo sciopero generale a sorpresa. C&#8217;\u00e8 una commissione tecnica esterna, non politica, ma di garanzia degli scioperi, che si pronuncer\u00e0 a brevissimo<\/em> &#8211; spiega Salvini in merito allo sciopero generale proclamato per domani da Cgil e Usb -. <em>Vista la normativa, immagino che dichiarer\u00e0 lo sciopero illegittimo. Uno sciopero generale improvviso per motivi politici \u00e8 chiaro ed evidente che non pu\u00f2 essere organizzato con cos\u00ec scarso preavviso. Faremo tutto quello che la legge permette, garantendo il diritto al lavoro, allo studio e la mobilit\u00e0 di 60 milioni di italiani\u00bb.<\/em><\/p>\n<p>&#8211; Foto IPA Agency &#8211;<\/p>\n<p>(ITALPRESS).<\/p><\/div>\n","protected":false},"excerpt":{"rendered":"<p>ROMA (ITALPRESS) &#8211; &#8220;Non sono in contatto con nessuno della Flotilla. Se ne occupano i miei colleghi ministri e lascio a loro il dialogo con persone che stanno mettendo a rischio la propria vita e un processo di pace delicatissimo. Quando, dopo mesi di sangue, di morti, di conflitti e scontri, il presidente Trump invita [&hellip;]<\/p>\n","protected":false},"author":18,"featured_media":251341,"comment_status":"closed","ping_status":"closed","sticky":false,"template":"","format":"standard","meta":{"ub_ctt_via":"","_mi_skip_tracking":false},"categories":[446],"tags":[783],"featured_image_src":"https:\/\/www.messinaoggi.it\/website\/wp-content\/uploads\/2025\/10\/20251002_0381.jpg","author_info":{"display_name":"Admin","author_link":"https:\/\/www.messinaoggi.it\/website\/author\/admin\/"},"digistream_id":0,"digistream":false,"_links":{"self":[{"href":"https:\/\/www.messinaoggi.it\/website\/wp-json\/wp\/v2\/posts\/251340"}],"collection":[{"href":"https:\/\/www.messinaoggi.it\/website\/wp-json\/wp\/v2\/posts"}],"about":[{"href":"https:\/\/www.messinaoggi.it\/website\/wp-json\/wp\/v2\/types\/post"}],"author":[{"embeddable":true,"href":"https:\/\/www.messinaoggi.it\/website\/wp-json\/wp\/v2\/users\/18"}],"replies":[{"embeddable":true,"href":"https:\/\/www.messinaoggi.it\/website\/wp-json\/wp\/v2\/comments?post=251340"}],"version-history":[{"count":0,"href":"https:\/\/www.messinaoggi.it\/website\/wp-json\/wp\/v2\/posts\/251340\/revisions"}],"wp:featuredmedia":[{"embeddable":true,"href":"https:\/\/www.messinaoggi.it\/website\/wp-json\/wp\/v2\/media\/251341"}],"wp:attachment":[{"href":"https:\/\/www.messinaoggi.it\/website\/wp-json\/wp\/v2\/media?parent=251340"}],"wp:term":[{"taxonomy":"category","embeddable":true,"href":"https:\/\/www.messinaoggi.it\/website\/wp-json\/wp\/v2\/categories?post=251340"},{"taxonomy":"post_tag","embeddable":true,"href":"https:\/\/www.messinaoggi.it\/website\/wp-json\/wp\/v2\/tags?post=251340"}],"curies":[{"name":"wp","href":"https:\/\/api.w.org\/{rel}","templated":true}]}}