{"id":251338,"date":"2025-10-02T13:06:45","date_gmt":"2025-10-02T11:06:45","guid":{"rendered":"https:\/\/www.messinaoggi.it\/website\/2025\/10\/02\/gaza-meloni-sciopero-weekend-lungo-e-rivoluzione-non-stanno-insieme\/"},"modified":"2025-10-02T13:06:45","modified_gmt":"2025-10-02T11:06:45","slug":"gaza-meloni-sciopero-weekend-lungo-e-rivoluzione-non-stanno-insieme","status":"publish","type":"post","link":"https:\/\/www.messinaoggi.it\/website\/2025\/10\/02\/gaza-meloni-sciopero-weekend-lungo-e-rivoluzione-non-stanno-insieme\/","title":{"rendered":"Gaza, Meloni \u201cSciopero? Weekend lungo e rivoluzione non stanno insieme\u201d"},"content":{"rendered":"<div>ROMA (ITALPRESS) &#8211; &#8220;Le operazioni di abbordaggio sono ancora in corso, noi le stiamo seguendo minuto per minuto e stanotte l&#8217;unit\u00e0 di crisi della Farnesina \u00e8 stata in contatto con gli avvocati di alcuni degli imbarcati: faremo tutto il possibile perch\u00e8 queste persone possano tornare in Italia quanto prima&#8221;. Lo sottolinea la presidente del Consiglio Giorgia Meloni a Copenhagen, a margine del VII vertice della Comunit\u00e0 politica europea.<br \/>&#8220;Continuo a ritenere che tutto questo non porti alcun beneficio al popolo palestinese, ma mi pare di capire che porter\u00e0 molti disagi al popolo italiano, che ieri stesso veniva ringraziato dai palestinesi per il lavoro che sta facendo &#8211; continua Meloni -. Siamo il primo paese ad aver aperto un corridoio per i ricercatori e il primo per numero di persone evacuate da Gaza per farle curare nei nostri ospedali, siamo inoltre tra i primi per consegna di aiuti: tutto questo \u00e8 stato fatto con la disponibilit\u00e0 e le risorse del popolo italiano, che nei prossimi giorni affronter\u00e0, temo, diversi disagi, per una questione che mi pare c&#8217;entri poco con la vicenda palestinese. Ce lo spiegano i sindacati, mi sarei aspettata che almeno su una questione che reputavano cos\u00ec importante non avessero indetto uno sciopero generale di venerd\u00ec. Il week-end lungo e la rivoluzione non stanno insieme&#8221;. <br \/>&#8220;Mi dispiace anche che di fronte a un appello che avevamo fatto a votare unitariamente una mozione di sostegno al piano di pace per la crisi mediorientale, la gran parte dell&#8217;opposizione abbia fatto un&#8217;altra scelta. Davvero questo non lo comprendo. Ricordo che c&#8217;\u00e8 stato un sostegno a questo piano da parte dei Paesi europei, dei Paesi arabi, dell&#8217;Autorit\u00e0 Nazionale Palestinese, quindi rimane solo la sinistra italiana che evidentemente ha posizioni pi\u00f9 radicali&#8221;. <div id=\"div-gpt-ad-Messinaoggi.it-DSK-300x250-corpoart\" style=\"text-align:center;margin:0 auto;\"><\/div><\/p>\n<p>&#8211; Foto IPA Agency &#8211;<div id=\"videoincontent\" style=\"clear:both\";><\/div><\/p>\n<p>(ITALPRESS).<\/p><\/div>\n","protected":false},"excerpt":{"rendered":"<p>ROMA (ITALPRESS) &#8211; &#8220;Le operazioni di abbordaggio sono ancora in corso, noi le stiamo seguendo minuto per minuto e stanotte l&#8217;unit\u00e0 di crisi della Farnesina \u00e8 stata in contatto con gli avvocati di alcuni degli imbarcati: faremo tutto il possibile perch\u00e8 queste persone possano tornare in Italia quanto prima&#8221;. Lo sottolinea la presidente del Consiglio [&hellip;]<\/p>\n","protected":false},"author":18,"featured_media":251339,"comment_status":"closed","ping_status":"closed","sticky":false,"template":"","format":"standard","meta":{"ub_ctt_via":"","_mi_skip_tracking":false},"categories":[446],"tags":[783],"featured_image_src":"https:\/\/www.messinaoggi.it\/website\/wp-content\/uploads\/2025\/10\/20251002_0358.jpg","author_info":{"display_name":"Admin","author_link":"https:\/\/www.messinaoggi.it\/website\/author\/admin\/"},"digistream_id":0,"digistream":false,"_links":{"self":[{"href":"https:\/\/www.messinaoggi.it\/website\/wp-json\/wp\/v2\/posts\/251338"}],"collection":[{"href":"https:\/\/www.messinaoggi.it\/website\/wp-json\/wp\/v2\/posts"}],"about":[{"href":"https:\/\/www.messinaoggi.it\/website\/wp-json\/wp\/v2\/types\/post"}],"author":[{"embeddable":true,"href":"https:\/\/www.messinaoggi.it\/website\/wp-json\/wp\/v2\/users\/18"}],"replies":[{"embeddable":true,"href":"https:\/\/www.messinaoggi.it\/website\/wp-json\/wp\/v2\/comments?post=251338"}],"version-history":[{"count":0,"href":"https:\/\/www.messinaoggi.it\/website\/wp-json\/wp\/v2\/posts\/251338\/revisions"}],"wp:featuredmedia":[{"embeddable":true,"href":"https:\/\/www.messinaoggi.it\/website\/wp-json\/wp\/v2\/media\/251339"}],"wp:attachment":[{"href":"https:\/\/www.messinaoggi.it\/website\/wp-json\/wp\/v2\/media?parent=251338"}],"wp:term":[{"taxonomy":"category","embeddable":true,"href":"https:\/\/www.messinaoggi.it\/website\/wp-json\/wp\/v2\/categories?post=251338"},{"taxonomy":"post_tag","embeddable":true,"href":"https:\/\/www.messinaoggi.it\/website\/wp-json\/wp\/v2\/tags?post=251338"}],"curies":[{"name":"wp","href":"https:\/\/api.w.org\/{rel}","templated":true}]}}