{"id":251327,"date":"2025-10-02T13:06:49","date_gmt":"2025-10-02T11:06:49","guid":{"rendered":"http:\/\/www.messinaoggi.it\/website\/?p=251327"},"modified":"2025-10-02T13:06:56","modified_gmt":"2025-10-02T11:06:56","slug":"studenti-udu-occupano-il-dipartimento-di-lettere-solidarieta-per-gaza-e-domani-lo-sciopero","status":"publish","type":"post","link":"https:\/\/www.messinaoggi.it\/website\/2025\/10\/02\/studenti-udu-occupano-il-dipartimento-di-lettere-solidarieta-per-gaza-e-domani-lo-sciopero\/","title":{"rendered":"Studenti Udu occupano il Dipartimento di Lettere: solidariet\u00e0 per Gaza e domani lo sciopero"},"content":{"rendered":"\n<p>Nel segno della protesta e della solidariet\u00e0, oggi <strong>l\u2019UDU Messina<\/strong> (Unione degli Universitari) e il <strong>Coordinamento Messina Palestina<\/strong> hanno occupato l\u2019Aula Mostre del Dipartimento DICAM dell\u2019Universit\u00e0 di Messina, (ex Facolt\u00e0 di Lettere e Filosofia), con l\u2019obiettivo di denunciare l\u2019intervento israeliano contro la <strong>Global Sumud Flotilla <\/strong>diretta a <strong>Gaza.<\/strong><div id=\"div-gpt-ad-Messinaoggi.it-DSK-300x250-corpoart\" style=\"text-align:center;margin:0 auto;\"><\/div><\/p>\n\n\n\n<p>L\u2019azione, che ha trasformato uno spazio accademico in piazza di denuncia, si inserisce in una mobilitazione pi\u00f9 ampia che comprende lo sciopero generale nazionale indetto dalla CGIL per l\u2019intera giornata del 3 ottobre, per manifestare solidariet\u00e0 verso il popolo palestinese e protestare contro l\u2019abbordaggio delle navi che trasportavano aiuti umanitari.<div id=\"videoincontent\" style=\"clear:both\";><\/div><\/p>\n\n\n\n<h2>Le ragioni dell\u2019occupazione<\/h2>\n\n\n\n<p>Gli studenti affermano che non si tratta di un gesto simbolico ma di un impegno politico concreto. Come dichiarato da <strong>Emanuele Carlo<\/strong>, coordinatore di UDU Messina:<\/p>\n\n\n\n<p>\u00abOggi occupiamo questo spazio perch\u00e9 non possiamo restare spettatori mentre si consuma un\u2019aggressione contro volontari e civili che portano aiuti al popolo palestinese sotto assedio\u00bb.<\/p>\n\n\n\n<p>A sostegno dell\u2019iniziativa, \u00e8 stato previsto il coinvolgimento di docenti, studentesse e studenti a partecipare ad assemblee e momenti di confronto che saranno organizzati nei prossimi giorni nei vari dipartimenti universitari.<\/p>\n\n\n\n<h2>Lo sciopero CGIL e la mobilitazione cittadina<\/h2>\n\n\n\n<p>Quasi in concomitanza con l\u2019occupazione, la CGIL ha dichiarato lo sciopero generale nazionale per domani, venerd\u00ec 3 ottobre, estendendolo a tutti i settori pubblici e privati, con l\u2019obiettivo di portare in piazza la solidariet\u00e0 per Gaza e denunciare la fragilit\u00e0 dell\u2019azione diplomatica italiana rispetto al conflitto.<\/p>\n\n\n\n<p>A Messina, \u00e8 previsto un corteo cittadino che partir\u00e0 alle ore 9:30 da piazza Antonello, percorrer\u00e0 Corso Cavour, via Tommaso Cannizzaro e via Garibaldi, e raggiunger\u00e0 piazza Unione Europea.<\/p>\n\n\n\n<p>La CGIL ha definito l\u2019abbordaggio delle navi civili un \u201cfatto gravissimo\u201d che mina i principi costituzionali e la coesione nazionale, annunciando che lo sciopero \u00e8 una risposta alle scelte del Governo italiano in materia di relazioni con Israele.<\/p>\n\n\n\n<h2>Contesto accademico e interventi precedenti<\/h2>\n\n\n\n<p>L\u2019occupazione al Dipartimento di Civilt\u00e0 Antiche e Moderne \u00e8 l\u2019ultima di una serie di iniziative studentesche. Gi\u00e0 in passato, l\u2019UDU aveva chiesto e ottenuto dall\u2019Universit\u00e0 <strong>la sospensione degli accordi con la Hebrew University of Jerusalem.<\/strong><\/p>\n\n\n\n<p>Il Senato Accademico di Messina, lo scorso luglio, aveva approvato una nota ufficiale di condanna della crisi umanitaria a Gaza, dichiarando il proprio \u201csgomento\u201d e ricordando che l\u2019Ateneo si era gi\u00e0 confrontato con le richieste studentesche sul tema.<\/p>\n\n\n\n<p>L&#8217;attenzione dell&#8217;opinione pubblica verso quanto accade a Gaza \u00e8 sempre pi\u00f9 alta, ed iniziative come queste lo confermano. <\/p>\n","protected":false},"excerpt":{"rendered":"<p>Nel segno della protesta e della solidariet\u00e0, oggi l\u2019UDU Messina (Unione degli Universitari) e il Coordinamento Messina Palestina hanno occupato l\u2019Aula Mostre del Dipartimento DICAM dell\u2019Universit\u00e0 di Messina, (ex Facolt\u00e0 di Lettere e Filosofia), con l\u2019obiettivo di denunciare l\u2019intervento israeliano contro la Global Sumud Flotilla diretta a Gaza. L\u2019azione, che ha trasformato uno spazio accademico [&hellip;]<\/p>\n","protected":false},"author":15,"featured_media":179066,"comment_status":"open","ping_status":"open","sticky":false,"template":"","format":"standard","meta":{"ub_ctt_via":"","_mi_skip_tracking":false},"categories":[4,6],"tags":[9171,11706,9617,5833,6331,9291],"featured_image_src":"https:\/\/www.messinaoggi.it\/website\/wp-content\/uploads\/2023\/11\/dipartimento-di-civilta-antiche-e-moderne-dicam.jpg","author_info":{"display_name":"red.me","author_link":"https:\/\/www.messinaoggi.it\/website\/author\/red-me\/"},"digistream_id":0,"digistream":false,"_links":{"self":[{"href":"https:\/\/www.messinaoggi.it\/website\/wp-json\/wp\/v2\/posts\/251327"}],"collection":[{"href":"https:\/\/www.messinaoggi.it\/website\/wp-json\/wp\/v2\/posts"}],"about":[{"href":"https:\/\/www.messinaoggi.it\/website\/wp-json\/wp\/v2\/types\/post"}],"author":[{"embeddable":true,"href":"https:\/\/www.messinaoggi.it\/website\/wp-json\/wp\/v2\/users\/15"}],"replies":[{"embeddable":true,"href":"https:\/\/www.messinaoggi.it\/website\/wp-json\/wp\/v2\/comments?post=251327"}],"version-history":[{"count":2,"href":"https:\/\/www.messinaoggi.it\/website\/wp-json\/wp\/v2\/posts\/251327\/revisions"}],"predecessor-version":[{"id":251334,"href":"https:\/\/www.messinaoggi.it\/website\/wp-json\/wp\/v2\/posts\/251327\/revisions\/251334"}],"wp:featuredmedia":[{"embeddable":true,"href":"https:\/\/www.messinaoggi.it\/website\/wp-json\/wp\/v2\/media\/179066"}],"wp:attachment":[{"href":"https:\/\/www.messinaoggi.it\/website\/wp-json\/wp\/v2\/media?parent=251327"}],"wp:term":[{"taxonomy":"category","embeddable":true,"href":"https:\/\/www.messinaoggi.it\/website\/wp-json\/wp\/v2\/categories?post=251327"},{"taxonomy":"post_tag","embeddable":true,"href":"https:\/\/www.messinaoggi.it\/website\/wp-json\/wp\/v2\/tags?post=251327"}],"curies":[{"name":"wp","href":"https:\/\/api.w.org\/{rel}","templated":true}]}}