{"id":251313,"date":"2025-10-02T12:29:11","date_gmt":"2025-10-02T10:29:11","guid":{"rendered":"http:\/\/www.messinaoggi.it\/website\/?p=251313"},"modified":"2025-10-02T12:29:15","modified_gmt":"2025-10-02T10:29:15","slug":"unime-occupata-unaula-per-solidarieta-alla-flotilla","status":"publish","type":"post","link":"https:\/\/www.messinaoggi.it\/website\/2025\/10\/02\/unime-occupata-unaula-per-solidarieta-alla-flotilla\/","title":{"rendered":"UniMe, occupata un&#8217;aula per solidariet\u00e0 alla &#8220;Flotilla&#8221;"},"content":{"rendered":"\n<p>Gli studenti dell\u2019UDU<strong> Messina<\/strong> e del <strong>Coordinamento Messina Palestina<\/strong>, <strong>oggi alle ore 9:00<\/strong> hanno occupato l\u2019<strong>Aula Mostre del Dipartimento DICAM \u2013 Universit\u00e0 degli Studi di Messina (Unime)<\/strong> come gesto di forte solidariet\u00e0 verso la <strong>Global Sumud Flotilla<\/strong>, abbordata ieri sera in acque internazionali dalla Marina israeliana mentre era diretta a Gaza con lo scopo di portare aiuti umanitari al popolo palestinese che sta subendo un genocidio da parte dello stato di Israele<div id=\"div-gpt-ad-Messinaoggi.it-DSK-300x250-corpoart\" style=\"text-align:center;margin:0 auto;\"><\/div><\/p>\n\n\n\n<p>Nelle ultime ore, diverse imbarcazioni della Sumud Flotilla sono state intercettate dalla Marina Israeliana, con l\u2019utilizzo di bombe assordanti e getti d\u2019acqua. La Flotilla \u00e8 stata abbordata da navi militari israeliane a meno di 70 miglia da Gaza. Sono al momento 21 le imbarcazioni che risultano intercettate. Nonostante le difficolt\u00e0 e le pressioni subite, gli organizzatori hanno ribadito la volont\u00e0 di portare avanti la missione, richiamando l\u2019attenzione della comunit\u00e0 internazionale sulla crisi umanitaria che devasta la popolazione civile di Gaza.<div id=\"videoincontent\" style=\"clear:both\";><\/div><\/p>\n\n\n\n<p>Con l\u2019azione odierna, studenti universitari intendono sottrarre uno spazio accademico alla quotidianit\u00e0 e trasformarlo in luogo di confronto e denuncia, rivendicando il ruolo dell\u2019universit\u00e0 come agor\u00e0 critica e laboratorio di solidariet\u00e0.<\/p>\n\n\n\n<p>Dichiara <strong>Emanuele Carlo, coordinatore di UDU Messina<\/strong>: <em>\u00abOggi occupiamo questo spazio perch\u00e9 non possiamo restare spettatori mentre si consuma un\u2019aggressione contro volontari e civili che portano aiuti al popolo palestinese sotto assedio; Il nostro non \u00e8 un gesto simbolico, ma con una forte valenza politica. Avevamo promesso di bloccare tutto se la Global Sumud Flotilla fosse stata fermata ed \u00e8 stato fatto. Abbiamo invitato professori e studenti a partecipare alle assemblee e attivit\u00e0 che verranno organizzate nelle prossime ore.\u201d<\/em><em><br><\/em><em>Conclude &#8211; \u201cLa lotta non finisce qui, nelle prossime settimane saremo in tutti i dipartimenti per sensibilizzare la popolazione studentesca.<\/em><\/p>\n","protected":false},"excerpt":{"rendered":"<p>Gli studenti dell\u2019UDU Messina e del Coordinamento Messina Palestina, oggi alle ore 9:00 hanno occupato l\u2019Aula Mostre del Dipartimento DICAM \u2013 Universit\u00e0 degli Studi di Messina (Unime) come gesto di forte solidariet\u00e0 verso la Global Sumud Flotilla, abbordata ieri sera in acque internazionali dalla Marina israeliana mentre era diretta a Gaza con lo scopo di [&hellip;]<\/p>\n","protected":false},"author":2,"featured_media":251314,"comment_status":"open","ping_status":"open","sticky":false,"template":"","format":"standard","meta":{"ub_ctt_via":"","_mi_skip_tracking":false},"categories":[5],"tags":[],"featured_image_src":"https:\/\/www.messinaoggi.it\/website\/wp-content\/uploads\/2025\/10\/1000500423-scaled.jpg","author_info":{"display_name":"Redazione","author_link":"https:\/\/www.messinaoggi.it\/website\/author\/redazione\/"},"digistream_id":0,"digistream":false,"_links":{"self":[{"href":"https:\/\/www.messinaoggi.it\/website\/wp-json\/wp\/v2\/posts\/251313"}],"collection":[{"href":"https:\/\/www.messinaoggi.it\/website\/wp-json\/wp\/v2\/posts"}],"about":[{"href":"https:\/\/www.messinaoggi.it\/website\/wp-json\/wp\/v2\/types\/post"}],"author":[{"embeddable":true,"href":"https:\/\/www.messinaoggi.it\/website\/wp-json\/wp\/v2\/users\/2"}],"replies":[{"embeddable":true,"href":"https:\/\/www.messinaoggi.it\/website\/wp-json\/wp\/v2\/comments?post=251313"}],"version-history":[{"count":1,"href":"https:\/\/www.messinaoggi.it\/website\/wp-json\/wp\/v2\/posts\/251313\/revisions"}],"predecessor-version":[{"id":251315,"href":"https:\/\/www.messinaoggi.it\/website\/wp-json\/wp\/v2\/posts\/251313\/revisions\/251315"}],"wp:featuredmedia":[{"embeddable":true,"href":"https:\/\/www.messinaoggi.it\/website\/wp-json\/wp\/v2\/media\/251314"}],"wp:attachment":[{"href":"https:\/\/www.messinaoggi.it\/website\/wp-json\/wp\/v2\/media?parent=251313"}],"wp:term":[{"taxonomy":"category","embeddable":true,"href":"https:\/\/www.messinaoggi.it\/website\/wp-json\/wp\/v2\/categories?post=251313"},{"taxonomy":"post_tag","embeddable":true,"href":"https:\/\/www.messinaoggi.it\/website\/wp-json\/wp\/v2\/tags?post=251313"}],"curies":[{"name":"wp","href":"https:\/\/api.w.org\/{rel}","templated":true}]}}