{"id":251307,"date":"2025-10-02T12:27:49","date_gmt":"2025-10-02T10:27:49","guid":{"rendered":"http:\/\/www.messinaoggi.it\/website\/?p=251307"},"modified":"2025-10-02T12:27:58","modified_gmt":"2025-10-02T10:27:58","slug":"mettiamo-la-terzaeta-in-movimento-il-progetto-sperimentale-di-asp-messina","status":"publish","type":"post","link":"https:\/\/www.messinaoggi.it\/website\/2025\/10\/02\/mettiamo-la-terzaeta-in-movimento-il-progetto-sperimentale-di-asp-messina\/","title":{"rendered":"\u201cMettiamo la terza\u2026et\u00e0 in movimento\u201d, il progetto sperimentale di Asp Messina"},"content":{"rendered":"\n<p>Sulla scorta di alcune evidenze scientifiche e con l\u2019obiettivo di promuovere l\u2019implementazione dell\u2019attivit\u00e0 fisica, dieta sana e stili di vita corretti, <strong>l\u2019Asp di Messina<\/strong> ha realizzato un progetto sperimentale denominato \u201cMettiamo la terza\u2026et\u00e0 in movimento\u201d.<div id=\"div-gpt-ad-Messinaoggi.it-DSK-300x250-corpoart\" style=\"text-align:center;margin:0 auto;\"><\/div><\/p>\n\n\n\n<p>Il progetto \u00e8 stato presentato nella sala conferenze dell\u2019Asp a Palazzo Geraci dai componenti della Direzione strategica dell\u2019Asp di Messina e dal dott. <strong>Francesco Caronzolo<\/strong> direttore f.f. della struttura complessa geriatria \u2013 lungodegenza del presidio ospedaliero Patti.     <div id=\"videoincontent\" style=\"clear:both\";><\/div><\/p>\n\n\n\n<p>\u201cIl progetto \u2013 spiega Caronzolo &#8211; sar\u00e0 diffuso in tutta la provincia e si avvale di un approccio multimodale per raggiungere e sensibilizzare quanta pi\u00f9 popolazione possibile, in particolare utilizza: spot di promozione della salute realizzati sui media locali e sui social (si tratta di spot motivazionali per sensibilizzare la popolazione target ad intraprendere attivit\u00e0 fisica, dieta sana e corretti stili di vita), pillole di contenuti dedicati disponibili sul sito web aziendale e sui social, brochure da diffondere capillarmente sul territorio (nelle brochure oltre a frasi motivazionali vengono in maniera sintetica esplicitate le modalit\u00e0 di svolgimento dell\u2019attivit\u00e0 fisica e i principi base di una dieta sana), locandine distribuite nelle palestre ospedaliere attrezzate, e conferenze ed incontri con le scuole da realizzare nelle citt\u00e0 pi\u00f9 popolose della provincia\u201d.<\/p>\n\n\n\n<p>\u201cLa necessit\u00e0 di promuovere l\u2019attivit\u00e0 fisica, la dieta sana e stili di vita corretti passa \u2013 aggiunge Caronzolo &#8211; attraverso spot e frasi motivazionali dedicati, contenuti su base scientifica comunicati in maniera facilmente comprensibile e resi fruibili dai social e dal web, condividendo con le istituzioni locali l\u2019intervento e coinvolgendo come veicoli e facilitatori della campagna di promozione della salute i giovani in qualit\u00e0 di nipoti di soggetti ai quali \u00e8 dedicato l\u2019intervento. Il progetto infatti, ha visto nella giornata del 2 ottobre (giornata dedicata ai nonni a norma della legge n.\u00b0 159 del 31 luglio 2005) un momento cruciale proprio perch\u00e9 attraverso le scuole secondarie di secondo grado vengono coinvolti i giovani, affinch\u00e9 possano non solo partecipare alle conferenze insieme ai nonni, ma soprattutto  possano rappresentare veicolo di diffusione verso gli anziani e consentire ai nonni di usufruire dei contenuti, degli spot e delle pillole disponibili sul web, sui social ed in TV\u201d. <\/p>\n\n\n\n<p>\u201cPrevenire le malattie &#8211; conclude Caronzolo &#8211;   e mantenere l\u2019efficienza fisica \u00e8 possibile, invecchiare bene \u00e8 una scelta dalla quale dipende la nostra qualit\u00e0 della vita ed il futuro del nostro Sistema Sanitario Nazionale.  Il progressivo invecchiamento della nostra popolazione sta sempre pi\u00f9 comportando una ristrutturazione della composizione demografica per classi di et\u00e0, con una violenta crescita delle fasce di et\u00e0 composte da anziani ed un netto decremento di quelle composte da giovani. Il cambiamento della struttura della popolazione generale dell\u2019Italia, oltre a modificare la connotazione demografica del nostro Paese, ha determinato, e sempre pi\u00f9 determiner\u00e0 nel prossimo futuro, una rimodulazione dell\u2019assetto sociale e delle dinamiche di interazione e relazioni intergenerazionali richiedendo non solo un tempestivo intervento politico, ma presentandosi come sfida ardita per il sistema sanitario nazionale che si trova costretto ad affrontare un cambio di paradigma culturale con necessit\u00e0 di orientare le proprie energie ed attenzione, non solo verso la cura della malattia, ma anche verso la prevenzione della fragilit\u00e0 dell\u2019anziano e la gestione corretta della malattia, affinch\u00e9 le malattie stesse non portino rapidamente ad una perdita di autonomia ed indipendenza. Nel contesto nazionale si rilevano, a macchia di leopardo, delle aree con maggiore criticit\u00e0 che interessano pi\u00f9 spesso il Sud, in particolare in Sicilia e nella fattispecie la Provincia di Messina\u201d.<\/p>\n\n\n\n<p>La Direzione strategica dell\u2019Asp di Messina, composta dal direttore generale <strong>Giuseppe Cucc\u00ec<\/strong>, dal direttore amministrativo <strong>Giancarlo Niutta<\/strong> e dal direttore sanitario <strong>Giuseppe Ranieri Trimarchi<\/strong> ha sottolineato: <\/p>\n\n\n\n<p>\u201cDal punto di vista sanitario, l\u2019attivit\u00e0 fisica adattata e la corretta alimentazione sono strumenti potenti per ridurre sarcopenia, rischio di cadute, complicanze cardiovascolari e metaboliche. Il progetto prevede percorsi graduali e sicuri, con il coinvolgimento di \u00e9quipe multidisciplinari e il raccordo con i medici di medicina generale. L\u2019obiettivo \u00e8 favorire un invecchiamento attivo e autonomo, migliorando qualit\u00e0 di vita e benessere psicofisico\u201d. <\/p>\n","protected":false},"excerpt":{"rendered":"<p>Sulla scorta di alcune evidenze scientifiche e con l\u2019obiettivo di promuovere l\u2019implementazione dell\u2019attivit\u00e0 fisica, dieta sana e stili di vita corretti, l\u2019Asp di Messina ha realizzato un progetto sperimentale denominato \u201cMettiamo la terza\u2026et\u00e0 in movimento\u201d. Il progetto \u00e8 stato presentato nella sala conferenze dell\u2019Asp a Palazzo Geraci dai componenti della Direzione strategica dell\u2019Asp di Messina [&hellip;]<\/p>\n","protected":false},"author":15,"featured_media":251312,"comment_status":"open","ping_status":"open","sticky":false,"template":"","format":"standard","meta":{"ub_ctt_via":"","_mi_skip_tracking":false},"categories":[5,6],"tags":[570,40,11704,11705],"featured_image_src":"https:\/\/www.messinaoggi.it\/website\/wp-content\/uploads\/2025\/10\/IMG-20251002-WA0026.jpg","author_info":{"display_name":"red.me","author_link":"https:\/\/www.messinaoggi.it\/website\/author\/red-me\/"},"digistream_id":0,"digistream":false,"_links":{"self":[{"href":"https:\/\/www.messinaoggi.it\/website\/wp-json\/wp\/v2\/posts\/251307"}],"collection":[{"href":"https:\/\/www.messinaoggi.it\/website\/wp-json\/wp\/v2\/posts"}],"about":[{"href":"https:\/\/www.messinaoggi.it\/website\/wp-json\/wp\/v2\/types\/post"}],"author":[{"embeddable":true,"href":"https:\/\/www.messinaoggi.it\/website\/wp-json\/wp\/v2\/users\/15"}],"replies":[{"embeddable":true,"href":"https:\/\/www.messinaoggi.it\/website\/wp-json\/wp\/v2\/comments?post=251307"}],"version-history":[{"count":4,"href":"https:\/\/www.messinaoggi.it\/website\/wp-json\/wp\/v2\/posts\/251307\/revisions"}],"predecessor-version":[{"id":251311,"href":"https:\/\/www.messinaoggi.it\/website\/wp-json\/wp\/v2\/posts\/251307\/revisions\/251311"}],"wp:featuredmedia":[{"embeddable":true,"href":"https:\/\/www.messinaoggi.it\/website\/wp-json\/wp\/v2\/media\/251312"}],"wp:attachment":[{"href":"https:\/\/www.messinaoggi.it\/website\/wp-json\/wp\/v2\/media?parent=251307"}],"wp:term":[{"taxonomy":"category","embeddable":true,"href":"https:\/\/www.messinaoggi.it\/website\/wp-json\/wp\/v2\/categories?post=251307"},{"taxonomy":"post_tag","embeddable":true,"href":"https:\/\/www.messinaoggi.it\/website\/wp-json\/wp\/v2\/tags?post=251307"}],"curies":[{"name":"wp","href":"https:\/\/api.w.org\/{rel}","templated":true}]}}