{"id":251297,"date":"2025-10-02T11:06:31","date_gmt":"2025-10-02T09:06:31","guid":{"rendered":"https:\/\/www.messinaoggi.it\/website\/2025\/10\/02\/medio-oriente-calenda-quello-usa-e-lunico-piano-che-ce\/"},"modified":"2025-10-02T11:06:31","modified_gmt":"2025-10-02T09:06:31","slug":"medio-oriente-calenda-quello-usa-e-lunico-piano-che-ce","status":"publish","type":"post","link":"https:\/\/www.messinaoggi.it\/website\/2025\/10\/02\/medio-oriente-calenda-quello-usa-e-lunico-piano-che-ce\/","title":{"rendered":"Medio Oriente, Calenda \u201cQuello Usa \u00e8 l\u2019unico piano che c\u2019\u00e8\u201d"},"content":{"rendered":"<div>ROMA (ITALPRESS) &#8211;<em> &#8220;La mozione l&#8217;abbiamo scritta e cofirmata. Avevo proposto a tutti i segretari politici: invece di fare le solite scene che succedono, prendiamo atto del piano presentato dagli Usa, che ha ancora molte ombre e difficolt\u00e0 ma che \u00e8 l&#8217;unico che c&#8217;\u00e8, e diamo un messaggio, ovvero che il Parlamento supporta quel piano. Ho cercato la Schlein che ha detto che mi faceva sapere ma ad oggi non so nulla, AVS e M5S hanno detto no. Se la linea della sinistra diventa che la Jihad palestinese e l&#8217;ultradestra israeliana&#8230; Quanto sono l&#8217;Anp e l&#8217;Onu a dire s\u00ec, come fanno AVS e M5S a dire no? Come fa il Pd a non dire &#8216;ma cosa state dicend\u00f2?<\/em>&#8220;. Cos\u00ec il leader di Azione, Carlo <strong>Calenda,<\/strong> a Radio24.<div id=\"div-gpt-ad-Messinaoggi.it-DSK-300x250-corpoart\" style=\"text-align:center;margin:0 auto;\"><\/div><\/p>\n<p><em>&#8220;Meloni ha fatto un errore ad attaccare Flotilla e forzare i toni, ma dall&#8217;altro lato c&#8217;\u00e8 un campo largo che non \u00e8 un campo di governo perch\u00e8 Schlein si \u00e8 consegnata. I toni sono sempre pi\u00f9 estremi, le persone si spaventano e quella cosa l\u00ec non li convince; quindi, non credo che quella sia una sinistra di governo&#8221;<\/em>, aggiunge.<div id=\"videoincontent\" style=\"clear:both\";><\/div><\/p>\n<p>&#8211; Foto: Ipa Agency &#8211;<\/p>\n<p>(ITALPRESS).<\/p><\/div>\n","protected":false},"excerpt":{"rendered":"<p>ROMA (ITALPRESS) &#8211; &#8220;La mozione l&#8217;abbiamo scritta e cofirmata. Avevo proposto a tutti i segretari politici: invece di fare le solite scene che succedono, prendiamo atto del piano presentato dagli Usa, che ha ancora molte ombre e difficolt\u00e0 ma che \u00e8 l&#8217;unico che c&#8217;\u00e8, e diamo un messaggio, ovvero che il Parlamento supporta quel piano. [&hellip;]<\/p>\n","protected":false},"author":18,"featured_media":251298,"comment_status":"closed","ping_status":"closed","sticky":false,"template":"","format":"standard","meta":{"ub_ctt_via":"","_mi_skip_tracking":false},"categories":[446],"tags":[783],"featured_image_src":"https:\/\/www.messinaoggi.it\/website\/wp-content\/uploads\/2025\/10\/20251002_0117.jpg","author_info":{"display_name":"Admin","author_link":"https:\/\/www.messinaoggi.it\/website\/author\/admin\/"},"digistream_id":0,"digistream":false,"_links":{"self":[{"href":"https:\/\/www.messinaoggi.it\/website\/wp-json\/wp\/v2\/posts\/251297"}],"collection":[{"href":"https:\/\/www.messinaoggi.it\/website\/wp-json\/wp\/v2\/posts"}],"about":[{"href":"https:\/\/www.messinaoggi.it\/website\/wp-json\/wp\/v2\/types\/post"}],"author":[{"embeddable":true,"href":"https:\/\/www.messinaoggi.it\/website\/wp-json\/wp\/v2\/users\/18"}],"replies":[{"embeddable":true,"href":"https:\/\/www.messinaoggi.it\/website\/wp-json\/wp\/v2\/comments?post=251297"}],"version-history":[{"count":0,"href":"https:\/\/www.messinaoggi.it\/website\/wp-json\/wp\/v2\/posts\/251297\/revisions"}],"wp:featuredmedia":[{"embeddable":true,"href":"https:\/\/www.messinaoggi.it\/website\/wp-json\/wp\/v2\/media\/251298"}],"wp:attachment":[{"href":"https:\/\/www.messinaoggi.it\/website\/wp-json\/wp\/v2\/media?parent=251297"}],"wp:term":[{"taxonomy":"category","embeddable":true,"href":"https:\/\/www.messinaoggi.it\/website\/wp-json\/wp\/v2\/categories?post=251297"},{"taxonomy":"post_tag","embeddable":true,"href":"https:\/\/www.messinaoggi.it\/website\/wp-json\/wp\/v2\/tags?post=251297"}],"curies":[{"name":"wp","href":"https:\/\/api.w.org\/{rel}","templated":true}]}}