{"id":251250,"date":"2025-10-01T23:06:27","date_gmt":"2025-10-01T21:06:27","guid":{"rendered":"https:\/\/www.messinaoggi.it\/website\/2025\/10\/01\/flotilla-tajani-italiani-saranno-condotti-ad-ashdod-e-poi-espulsi\/"},"modified":"2025-10-01T23:06:27","modified_gmt":"2025-10-01T21:06:27","slug":"flotilla-tajani-italiani-saranno-condotti-ad-ashdod-e-poi-espulsi","status":"publish","type":"post","link":"https:\/\/www.messinaoggi.it\/website\/2025\/10\/01\/flotilla-tajani-italiani-saranno-condotti-ad-ashdod-e-poi-espulsi\/","title":{"rendered":"Flotilla, Tajani \u201cItaliani saranno condotti ad Ashdod e poi espulsi\u201d"},"content":{"rendered":"<div>ROMA (ITALPRESS) &#8211; &#8220;L&#8217;abbordaggio era previsto. Ho parlato pi\u00f9 volte con il ministro Saar affinch\u00e8 non ci siano azioni violente da parte delle forze armate israeliane, questo mi \u00e8 stato assicurato. L&#8217;importante \u00e8 che non ci siano reazioni violente. Anche i portavoce della Flotilla hanno garantito che non reagiranno, avranno un atteggiamento assolutamente gandhiano&#8221;.  Cos\u00ec il vicepremier e ministro degli Esteri, Antonio Tajani, in collegamento telefonico con il Tg1 diretto da Gian Marco Chiocci, in merito all&#8217;abbordaggio da parte delle forze militari israeliane delle barche della Global Sumud Flotilla.<br \/>&#8220;Abbiamo mandato dato alla nostra ambasciata, al consolato di Tel Aviv e a quello di Gerusalemme di dare assistenza a tutti gli italiani che verranno portati probabilmente al porto di Ashdod e poi verranno espulsi, credo che ci sar\u00e0 un volo che li riporter\u00e0 in Europa insieme agli altri, ci stiamo occupando di questo&#8221;, ha aggiunto.<div id=\"div-gpt-ad-Messinaoggi.it-DSK-300x250-corpoart\" style=\"text-align:center;margin:0 auto;\"><\/div><\/p>\n<p>&#8211; Foto IPA Agency &#8211;<div id=\"videoincontent\" style=\"clear:both\";><\/div><\/p>\n<p>(ITALPRESS).<\/p><\/div>\n","protected":false},"excerpt":{"rendered":"<p>ROMA (ITALPRESS) &#8211; &#8220;L&#8217;abbordaggio era previsto. Ho parlato pi\u00f9 volte con il ministro Saar affinch\u00e8 non ci siano azioni violente da parte delle forze armate israeliane, questo mi \u00e8 stato assicurato. L&#8217;importante \u00e8 che non ci siano reazioni violente. Anche i portavoce della Flotilla hanno garantito che non reagiranno, avranno un atteggiamento assolutamente gandhiano&#8221;. Cos\u00ec [&hellip;]<\/p>\n","protected":false},"author":18,"featured_media":251251,"comment_status":"closed","ping_status":"closed","sticky":false,"template":"","format":"standard","meta":{"ub_ctt_via":"","_mi_skip_tracking":false},"categories":[446],"tags":[783],"featured_image_src":"https:\/\/www.messinaoggi.it\/website\/wp-content\/uploads\/2025\/10\/20251001_2838.jpg","author_info":{"display_name":"Admin","author_link":"https:\/\/www.messinaoggi.it\/website\/author\/admin\/"},"digistream_id":0,"digistream":false,"_links":{"self":[{"href":"https:\/\/www.messinaoggi.it\/website\/wp-json\/wp\/v2\/posts\/251250"}],"collection":[{"href":"https:\/\/www.messinaoggi.it\/website\/wp-json\/wp\/v2\/posts"}],"about":[{"href":"https:\/\/www.messinaoggi.it\/website\/wp-json\/wp\/v2\/types\/post"}],"author":[{"embeddable":true,"href":"https:\/\/www.messinaoggi.it\/website\/wp-json\/wp\/v2\/users\/18"}],"replies":[{"embeddable":true,"href":"https:\/\/www.messinaoggi.it\/website\/wp-json\/wp\/v2\/comments?post=251250"}],"version-history":[{"count":0,"href":"https:\/\/www.messinaoggi.it\/website\/wp-json\/wp\/v2\/posts\/251250\/revisions"}],"wp:featuredmedia":[{"embeddable":true,"href":"https:\/\/www.messinaoggi.it\/website\/wp-json\/wp\/v2\/media\/251251"}],"wp:attachment":[{"href":"https:\/\/www.messinaoggi.it\/website\/wp-json\/wp\/v2\/media?parent=251250"}],"wp:term":[{"taxonomy":"category","embeddable":true,"href":"https:\/\/www.messinaoggi.it\/website\/wp-json\/wp\/v2\/categories?post=251250"},{"taxonomy":"post_tag","embeddable":true,"href":"https:\/\/www.messinaoggi.it\/website\/wp-json\/wp\/v2\/tags?post=251250"}],"curies":[{"name":"wp","href":"https:\/\/api.w.org\/{rel}","templated":true}]}}