{"id":251246,"date":"2025-10-01T19:06:40","date_gmt":"2025-10-01T17:06:40","guid":{"rendered":"https:\/\/www.messinaoggi.it\/website\/2025\/10\/01\/il-piemonte-rafforza-i-legami-con-il-giappone-tra-cultura-e-imprese\/"},"modified":"2025-10-01T19:06:40","modified_gmt":"2025-10-01T17:06:40","slug":"il-piemonte-rafforza-i-legami-con-il-giappone-tra-cultura-e-imprese","status":"publish","type":"post","link":"https:\/\/www.messinaoggi.it\/website\/2025\/10\/01\/il-piemonte-rafforza-i-legami-con-il-giappone-tra-cultura-e-imprese\/","title":{"rendered":"Il Piemonte rafforza i legami con il Giappone tra cultura e imprese"},"content":{"rendered":"<div>TOKYO (ITALPRESS) &#8211; Rafforzare i rapporti con il Sol Levante e promuovere le eccellenze piemontesi in campo turistico, culturale, tecnologico e manifatturiero. Questi i temi al centro della conferenza che si \u00e8 tenuta presso l&#8217;ambasciata d&#8217;Italia a Tokyo, nel corso della quale il Piemonte ha presentato obiettivi e risultati della missione in Giappone, in occasione della partecipazione all&#8217;Expo Osaka 2025. L&#8217;ambasciatore d&#8217;Italia in Giappone Gianluigi Benedetti ha sottolineato che &#8220;la visita del Presidente e della delegazione del Piemonte si propone di accrescere la qualit\u00e0 e la profondit\u00e0 dei legami gi\u00e0 esistenti tra le istituzioni, le universit\u00e0 e le imprese della Regione e il Giappone&#8221;.<br \/>\n&#8220;Quello tra il Piemonte e il Giappone \u00e8 un legame profondo che unisce innovazione, formazione, cultura e turismo. Siamo qui come sistema Piemonte per mettere in campo tutte le nostre forze&#8221;, ha detto il presidente della Regione Piemonte Alberto Cirio, che<br \/>\nha annunciato che nei prossimi giorni sar\u00e0 inviato un invito formale per ospitare il Giappone come Paese ospite del Salone del Libro, d&#8217;intesa con il sindaco di Torino, Stefano Lo Russo, e l&#8217;associazione Torino Citt\u00e0 del Libro.<br \/>\nAlessandro Battaglia, presidente della Commissione<br \/>\nInternazionalizzazione di Confindustria Piemonte, evidenzia che &#8220;il Piemonte offre delle caratteristiche che sono uniche ed \u00e8 una regione fortemente attrattiva. Vogliamo aiutare i nostri territori a andare con pi\u00f9 facilit\u00e0 all&#8217;estero quindi a continuare quel trend di internazionalizzazione che \u00e8 una cifra caratteristica delle imprese italiane&#8221;.<br \/>\nSilvia Barbero, vicerettrice per la comunicazione e la promozione del Politecnico di Torino, sottolinea che &#8220;come segno tangibile e forte di questo tessuto ed ecosistema che si costruisce proprio nelle relazioni con le istituzioni, abbiamo individuato alcune delle sfide principali che accomunano i due territori, su cui abbiamo intenzione di lavorare in modo pi\u00f9 marcato: lo spazio, l&#8217;energia, la sostenibilit\u00e0, l&#8217;architettura e il design&#8221;.<br \/>\nPer Massimiliano Cipolletta, presidente della Camera di Commercio di Torino, la missione &#8220;supporta la promozione del territorio e intensifica gli investimenti in Piemonte da parte del Giappone&#8221;.<br \/>\nCipolletta evidenzia inoltre &#8220;la presenza di 19 imprese nipponiche nella regione&#8221;.<br \/>\nNel corso della conferenza sono stati presentati anche nuovi progetti in settori diversi, come il tessile, il turismo e l&#8217;agroalimentare.<br \/>\n-foto Italpress &#8211;<br \/>\n(ITALPRESS).<\/div>\n<div id=\"div-gpt-ad-Messinaoggi.it-DSK-300x250-corpoart\" style=\"text-align:center;margin:0 auto;\"><\/div><\/p><div id=\"videoincontent\" style=\"clear:both\";><\/div>","protected":false},"excerpt":{"rendered":"<p>TOKYO (ITALPRESS) &#8211; Rafforzare i rapporti con il Sol Levante e promuovere le eccellenze piemontesi in campo turistico, culturale, tecnologico e manifatturiero. Questi i temi al centro della conferenza che si \u00e8 tenuta presso l&#8217;ambasciata d&#8217;Italia a Tokyo, nel corso della quale il Piemonte ha presentato obiettivi e risultati della missione in Giappone, in occasione [&hellip;]<\/p>\n","protected":false},"author":18,"featured_media":251247,"comment_status":"closed","ping_status":"closed","sticky":false,"template":"","format":"standard","meta":{"ub_ctt_via":"","_mi_skip_tracking":false},"categories":[446],"tags":[783],"featured_image_src":"https:\/\/www.messinaoggi.it\/website\/wp-content\/uploads\/2025\/10\/20251001_2347.jpg","author_info":{"display_name":"Admin","author_link":"https:\/\/www.messinaoggi.it\/website\/author\/admin\/"},"digistream_id":0,"digistream":false,"_links":{"self":[{"href":"https:\/\/www.messinaoggi.it\/website\/wp-json\/wp\/v2\/posts\/251246"}],"collection":[{"href":"https:\/\/www.messinaoggi.it\/website\/wp-json\/wp\/v2\/posts"}],"about":[{"href":"https:\/\/www.messinaoggi.it\/website\/wp-json\/wp\/v2\/types\/post"}],"author":[{"embeddable":true,"href":"https:\/\/www.messinaoggi.it\/website\/wp-json\/wp\/v2\/users\/18"}],"replies":[{"embeddable":true,"href":"https:\/\/www.messinaoggi.it\/website\/wp-json\/wp\/v2\/comments?post=251246"}],"version-history":[{"count":0,"href":"https:\/\/www.messinaoggi.it\/website\/wp-json\/wp\/v2\/posts\/251246\/revisions"}],"wp:featuredmedia":[{"embeddable":true,"href":"https:\/\/www.messinaoggi.it\/website\/wp-json\/wp\/v2\/media\/251247"}],"wp:attachment":[{"href":"https:\/\/www.messinaoggi.it\/website\/wp-json\/wp\/v2\/media?parent=251246"}],"wp:term":[{"taxonomy":"category","embeddable":true,"href":"https:\/\/www.messinaoggi.it\/website\/wp-json\/wp\/v2\/categories?post=251246"},{"taxonomy":"post_tag","embeddable":true,"href":"https:\/\/www.messinaoggi.it\/website\/wp-json\/wp\/v2\/tags?post=251246"}],"curies":[{"name":"wp","href":"https:\/\/api.w.org\/{rel}","templated":true}]}}