{"id":251242,"date":"2025-10-01T19:06:37","date_gmt":"2025-10-01T17:06:37","guid":{"rendered":"https:\/\/www.messinaoggi.it\/website\/2025\/10\/01\/italiano-friburgo-temibile-castro-bologna-pronto-per-grande-gara\/"},"modified":"2025-10-01T19:06:37","modified_gmt":"2025-10-01T17:06:37","slug":"italiano-friburgo-temibile-castro-bologna-pronto-per-grande-gara","status":"publish","type":"post","link":"https:\/\/www.messinaoggi.it\/website\/2025\/10\/01\/italiano-friburgo-temibile-castro-bologna-pronto-per-grande-gara\/","title":{"rendered":"Italiano \u201cFriburgo temibile\u201d, Castro \u201cBologna pronto per grande gara\u201d"},"content":{"rendered":"<div>BOLOGNA (ITALPRESS) &#8211; La sconfitta di Birmingham \u00e8 alle spalle, ma ora \u00e8 tempo di ripartire e di riscattarsi. Il ko di misura con l&#8217;Aston Villa al debutto in <strong>Europa League<\/strong> \u00e8 stato messo in archivio, adesso c&#8217;\u00e8 grande attesa per l&#8217;esordio in casa, in programma domani al Dall&#8217;Ara contro il <strong>Friburgo.<\/strong> Vincenzo <strong>Italiano<\/strong> e i suoi rossobl\u00f9 cercano la prima vittoria in un girone che \u00e8 sembrato subito tosto: <em>&#8220;E&#8217; una squadra molto temibile in casa<\/em> &#8211; ha detto il tecnico in conferenza stampa parlando dei tedeschi -,<em> non so come si approccer\u00e0 fuori, ma ha giocatori di ottima caratura tecnica ed \u00e8 una formazione organizzata. Il nostro girone \u00e8 tosto e dobbiamo cercare di alzare il livello per avere la meglio contro avversarie di valore&#8221;.<\/em><div id=\"div-gpt-ad-Messinaoggi.it-DSK-300x250-corpoart\" style=\"text-align:center;margin:0 auto;\"><\/div><\/p>\n<p>Un Bologna che in campionato sembra uno schiacciasassi in casa, mentre in trasferta ha ottenuto solo un punto in tre partite:<em> &#8220;Dobbiamo crescere e migliorare sotto tutti i punti di vista<\/em> &#8211; ha detto ancora il tecnico siciliano -.<em> Capisco che ci siano grandi aspettative nei nostri confronti ma dobbiamo cercare di essere pi\u00f9 qualitativi. Abbiamo alzato la qualit\u00e0 del palleggio e il numero delle conclusioni ma concediamo ancora troppo dietro. Tra qualche mese cresceremo di intesa e condizione e sicuramente miglioreremo le prestazioni&#8221;.<\/em><div id=\"videoincontent\" style=\"clear:both\";><\/div><\/p>\n<p>In particolare Italiano ha spiegato come i pochi allenamenti tra una partita e l&#8217;altra obbligano la squadra a focalizzare le sedute su alcuni particolari:<em> &#8220;Dobbiamo andare a richiamare quelle situazioni su cui non siamo al 100% come le palle inattive e la fase difensiva negli ultimi 20 metri. Stiamo lavorando sulle chiusure preventive e sui duelli individuali. In alcune partite dobbiamo sistemarci, ma gi\u00e0 siamo cresciuti sul possesso e sul numero delle conclusioni in porta&#8221;.<\/em><\/p>\n<p>Al suo fianco anche il numero 9, Santiago <strong>Castro,<\/strong> al quale manca ancora il gol in Europa: <em>&#8220;Sappiamo che il Friburgo \u00e8 una squadra organizzata che pressa e riparte molto bene, ma siamo pronti per fare una grande partita. Anche lo scorso anno abbiamo faticato all&#8217;inizio, ma piano piano siamo cresciuti. Sono certo che sar\u00e0 cos\u00ec anche quest&#8217;anno. Il gol? Non ci penso troppo, se arriver\u00e0 gol bene altrimenti io penso al bene della squadra. So che devo migliorare davanti alla porta perch\u00e8 sono un centravanti. Con l&#8217;Aston Villa ho preso la traversa ma dovevo segnare. Comunque la mia priorit\u00e0 \u00e8 il risultato del collettivo&#8221;.<\/em><\/p>\n<p>&#8211; Foto Ipa Agency &#8211;<\/p>\n<p>(ITALPRESS).<\/p><\/div>\n","protected":false},"excerpt":{"rendered":"<p>BOLOGNA (ITALPRESS) &#8211; La sconfitta di Birmingham \u00e8 alle spalle, ma ora \u00e8 tempo di ripartire e di riscattarsi. Il ko di misura con l&#8217;Aston Villa al debutto in Europa League \u00e8 stato messo in archivio, adesso c&#8217;\u00e8 grande attesa per l&#8217;esordio in casa, in programma domani al Dall&#8217;Ara contro il Friburgo. Vincenzo Italiano e [&hellip;]<\/p>\n","protected":false},"author":18,"featured_media":251243,"comment_status":"closed","ping_status":"closed","sticky":false,"template":"","format":"standard","meta":{"ub_ctt_via":"","_mi_skip_tracking":false},"categories":[446],"tags":[783],"featured_image_src":"https:\/\/www.messinaoggi.it\/website\/wp-content\/uploads\/2025\/10\/20251001_2176.jpg","author_info":{"display_name":"Admin","author_link":"https:\/\/www.messinaoggi.it\/website\/author\/admin\/"},"digistream_id":0,"digistream":false,"_links":{"self":[{"href":"https:\/\/www.messinaoggi.it\/website\/wp-json\/wp\/v2\/posts\/251242"}],"collection":[{"href":"https:\/\/www.messinaoggi.it\/website\/wp-json\/wp\/v2\/posts"}],"about":[{"href":"https:\/\/www.messinaoggi.it\/website\/wp-json\/wp\/v2\/types\/post"}],"author":[{"embeddable":true,"href":"https:\/\/www.messinaoggi.it\/website\/wp-json\/wp\/v2\/users\/18"}],"replies":[{"embeddable":true,"href":"https:\/\/www.messinaoggi.it\/website\/wp-json\/wp\/v2\/comments?post=251242"}],"version-history":[{"count":0,"href":"https:\/\/www.messinaoggi.it\/website\/wp-json\/wp\/v2\/posts\/251242\/revisions"}],"wp:featuredmedia":[{"embeddable":true,"href":"https:\/\/www.messinaoggi.it\/website\/wp-json\/wp\/v2\/media\/251243"}],"wp:attachment":[{"href":"https:\/\/www.messinaoggi.it\/website\/wp-json\/wp\/v2\/media?parent=251242"}],"wp:term":[{"taxonomy":"category","embeddable":true,"href":"https:\/\/www.messinaoggi.it\/website\/wp-json\/wp\/v2\/categories?post=251242"},{"taxonomy":"post_tag","embeddable":true,"href":"https:\/\/www.messinaoggi.it\/website\/wp-json\/wp\/v2\/tags?post=251242"}],"curies":[{"name":"wp","href":"https:\/\/api.w.org\/{rel}","templated":true}]}}