{"id":251238,"date":"2025-10-01T19:06:34","date_gmt":"2025-10-01T17:06:34","guid":{"rendered":"https:\/\/www.messinaoggi.it\/website\/2025\/10\/01\/flotilla-conte-meloni-la-insulta-ma-dovrebbe-difenderla\/"},"modified":"2025-10-01T19:06:34","modified_gmt":"2025-10-01T17:06:34","slug":"flotilla-conte-meloni-la-insulta-ma-dovrebbe-difenderla","status":"publish","type":"post","link":"https:\/\/www.messinaoggi.it\/website\/2025\/10\/01\/flotilla-conte-meloni-la-insulta-ma-dovrebbe-difenderla\/","title":{"rendered":"Flotilla, Conte \u201cMeloni la insulta ma dovrebbe difenderla\u201d"},"content":{"rendered":"<div>ROMA (ITALPRESS) &#8211; <em>&#8220;Poco fa, insieme a un migliaio di studenti universitari, abbiamo mandato un messaggio di affetto e sostegno alla Flotilla e al nostro Marco Croatti, diretti a Gaza per schierarsi pacificamente contro il genocidio in corso. <strong>Negli stessi minuti Giorgia Meloni, che fatica a essere la premier di tutti, ha indossato i panni di leader di Colle Oppio, continuando a insultarli<\/strong>, anzich\u00e8 difenderli in un momento cos\u00ec teso&#8221;<\/em>. Lo scrive su Facebook il <strong>presidente del M5S Giuseppe Conte.<br \/>\n<\/strong><br \/>\n&#8220;<em>La verit\u00e0 \u00e8 che i cittadini imbarcati sulla Flotilla sono un pugno nello stomaco per chi, per due anni, ha girato lo sguardo dall&#8217;altra parte, coprendo di vergogna il nostro Paese. Questi insulti arrivano in un momento delicatissimo, quando le barche sono sempre pi\u00f9 vicine a Gaza<\/em> &#8211; aggiunge -. <em>Le parole di Meloni di questi giorni vengono puntualmente rilanciate dagli esponenti del governo israeliano responsabile del massacro. La priorit\u00e0 del Governo italiano in questo momento deve essere pretendere la tutela dell&#8217;incolumit\u00e0 dei cittadini della Flotilla mentre \u00e8 assolutamente rischioso diffondere messaggi interpretabili come una &#8216;presa di distanza&#8221;.<\/em><div id=\"div-gpt-ad-Messinaoggi.it-DSK-300x250-corpoart\" style=\"text-align:center;margin:0 auto;\"><\/div><\/p>\n<p>&#8211; Foto IPA Agency &#8211;<div id=\"videoincontent\" style=\"clear:both\";><\/div><\/p>\n<p>(ITALPRESS).<\/p><\/div>\n","protected":false},"excerpt":{"rendered":"<p>ROMA (ITALPRESS) &#8211; &#8220;Poco fa, insieme a un migliaio di studenti universitari, abbiamo mandato un messaggio di affetto e sostegno alla Flotilla e al nostro Marco Croatti, diretti a Gaza per schierarsi pacificamente contro il genocidio in corso. Negli stessi minuti Giorgia Meloni, che fatica a essere la premier di tutti, ha indossato i panni [&hellip;]<\/p>\n","protected":false},"author":18,"featured_media":251239,"comment_status":"closed","ping_status":"closed","sticky":false,"template":"","format":"standard","meta":{"ub_ctt_via":"","_mi_skip_tracking":false},"categories":[446],"tags":[783],"featured_image_src":"https:\/\/www.messinaoggi.it\/website\/wp-content\/uploads\/2025\/10\/20251001_2125.jpg","author_info":{"display_name":"Admin","author_link":"https:\/\/www.messinaoggi.it\/website\/author\/admin\/"},"digistream_id":0,"digistream":false,"_links":{"self":[{"href":"https:\/\/www.messinaoggi.it\/website\/wp-json\/wp\/v2\/posts\/251238"}],"collection":[{"href":"https:\/\/www.messinaoggi.it\/website\/wp-json\/wp\/v2\/posts"}],"about":[{"href":"https:\/\/www.messinaoggi.it\/website\/wp-json\/wp\/v2\/types\/post"}],"author":[{"embeddable":true,"href":"https:\/\/www.messinaoggi.it\/website\/wp-json\/wp\/v2\/users\/18"}],"replies":[{"embeddable":true,"href":"https:\/\/www.messinaoggi.it\/website\/wp-json\/wp\/v2\/comments?post=251238"}],"version-history":[{"count":0,"href":"https:\/\/www.messinaoggi.it\/website\/wp-json\/wp\/v2\/posts\/251238\/revisions"}],"wp:featuredmedia":[{"embeddable":true,"href":"https:\/\/www.messinaoggi.it\/website\/wp-json\/wp\/v2\/media\/251239"}],"wp:attachment":[{"href":"https:\/\/www.messinaoggi.it\/website\/wp-json\/wp\/v2\/media?parent=251238"}],"wp:term":[{"taxonomy":"category","embeddable":true,"href":"https:\/\/www.messinaoggi.it\/website\/wp-json\/wp\/v2\/categories?post=251238"},{"taxonomy":"post_tag","embeddable":true,"href":"https:\/\/www.messinaoggi.it\/website\/wp-json\/wp\/v2\/tags?post=251238"}],"curies":[{"name":"wp","href":"https:\/\/api.w.org\/{rel}","templated":true}]}}