{"id":251236,"date":"2025-10-01T19:06:32","date_gmt":"2025-10-01T17:06:32","guid":{"rendered":"https:\/\/www.messinaoggi.it\/website\/2025\/10\/01\/la-conference-per-svoltare-la-stagione-pioli-avanti-con-fiducia\/"},"modified":"2025-10-01T19:06:32","modified_gmt":"2025-10-01T17:06:32","slug":"la-conference-per-svoltare-la-stagione-pioli-avanti-con-fiducia","status":"publish","type":"post","link":"https:\/\/www.messinaoggi.it\/website\/2025\/10\/01\/la-conference-per-svoltare-la-stagione-pioli-avanti-con-fiducia\/","title":{"rendered":"La Conference per svoltare la stagione, Pioli \u201cAvanti con fiducia\u201d"},"content":{"rendered":"<div>FIRENZE (ITALPRESS) &#8211;<em> &#8220;Comincia il girone e iniziare con una vittoria sarebbe oltremodo importante, per la classifica e anche per il nostro morale, per l&#8217;ambiente, per tutti. Pensiamo alla gara di domani e poi dopo quello che sar\u00e0 il futuro lo vedremo e lo affronteremo con grande forza e con grande energia&#8221;.<\/em> Iniziare al meglio il girone unico di Conference centrando i primi tre punti, ritrovare una vittoria che in campionato fin qui non \u00e8 mai arrivata e soprattutto far scattare una scintilla nella sua <strong>Fiorentina:<\/strong> per Stefano <strong>Pioli<\/strong> la sfida di domani al Franchi col <strong>Sigma Olomouc<\/strong> rappresenta tutto questo.<div id=\"div-gpt-ad-Messinaoggi.it-DSK-300x250-corpoart\" style=\"text-align:center;margin:0 auto;\"><\/div><\/p>\n<p>La Conference \u00e8<em> &#8220;un obiettivo che ci siamo prefissati gi\u00e0 da inizio stagione, da affrontare al meglio e al massimo. La gara di domani \u00e8 un&#8217;opportunit\u00e0 per cercare di cominciare bene questa fase&#8221;<\/em>, ha aggiunto Pioli, che non sottovaluta i cechi. <em>&#8220;Una squadra che non segna tantissimo, ma che ha la miglior difesa del suo campionato, una formazione fisica e solida<\/em> &#8211; ha spiegato l&#8217;allenatore viola &#8211;<em> La gara si gioca per una competizione europea e quindi il livello \u00e8 sicuramente buono, \u00e8 chiaro che per vincere dobbiamo puntare sulla qualit\u00e0 delle scelte, sulla qualit\u00e0 tecnica, sulla qualit\u00e0 di tutte le giocate che andremo ad affrontare, cercando di vincere qualche duello in pi\u00f9, qualche seconda palla in pi\u00f9, e avere un p\u00f2 pi\u00f9 la partita dalla nostra parte&#8221;<\/em>.<div id=\"videoincontent\" style=\"clear:both\";><\/div><\/p>\n<p>La Fiorentina cerca di svoltare una stagione finora deludente, ma Pioli si dice ottimista. <em>&#8220;Andiamo avanti con grande fiducia e con grande energia, dobbiamo credere in quello che facciamo e sono convinto che riusciremo a venire fuori da questa situazione delicata &#8211; ha puntualizzato &#8211; In tutte le stagioni ci sono momenti come questo, bisogna passare attraverso le sconfitte, gli errori e le insoddisfazioni per cercare di crescere e migliorare. Sono sicuro di avere a disposizione un gruppo di qualit\u00e0 e responsabile, che ha saputo lavorare bene sugli errori che abbiamo commesso e che \u00e8 pronto a commetterne di meno&#8221;.<\/em> La classifica in serie A e le prestazioni di Kean e compagni, al momento, appaiono anni luce lontani dall&#8217;obiettivo possibile della Champions League di cui Pioli aveva parlato due mesi fa nel giorno della sua presentazione. <em>&#8220;Io sono venuto a Firenze e sono stato chiamato dalla Fiorentina con un obiettivo, quello di alzare il livello. Poi, che oggi non ci si sia riusciti \u00e8 senz&#8217;altro vero, ma \u00e8 vero pure che mi piace credere in quello che facciamo, mi piace credere nei giocatori e nella squadra. Credo che ci siano dei valori e troveremo il modo di tirarli fuori. Ho sbandierato ai quattro venti le nostre ambizioni, ma credo che sia giusto cos\u00ec, se vogliamo alzare il livello dobbiamo avere anche la responsabilit\u00e0 di un percorso cos\u00ec importante&#8221;.<\/em><\/p>\n<p><em>&#8220;I risultati non sono stati quelli che vogliamo o che ci aspettavamo, quindi dobbiamo alzare la qualit\u00e0 del nostro lavoro, delle nostre scelte in campo e il livello di prestazione, a partire da domani&#8221;,<\/em> insiste Pioli, la cui posizione non sembrerebbe cos\u00ec blindata<em>. &#8220;Il rapporto con il club e con il presidente che sento tutte le settimane, e con i dirigenti che sono con noi, \u00e8 un rapporto di confronto continuo per cercare di trovare le soluzioni per fare le cose sempre meglio<\/em> &#8211; ribatte &#8211;<em> Il destino di ogni allenatore \u00e8 legato ai risultati, ed \u00e8 legato alla fiducia del club, soprattutto nei momenti difficili e in quelli delicati. Io so tutto questo, ma lavoro con grande fiducia e con grande volont\u00e0&#8221;.<\/em><\/p>\n<p>&#8211; foto Ipa Agency &#8211;<\/p>\n<p>(ITALPRESS).<\/p><\/div>\n","protected":false},"excerpt":{"rendered":"<p>FIRENZE (ITALPRESS) &#8211; &#8220;Comincia il girone e iniziare con una vittoria sarebbe oltremodo importante, per la classifica e anche per il nostro morale, per l&#8217;ambiente, per tutti. Pensiamo alla gara di domani e poi dopo quello che sar\u00e0 il futuro lo vedremo e lo affronteremo con grande forza e con grande energia&#8221;. Iniziare al meglio [&hellip;]<\/p>\n","protected":false},"author":18,"featured_media":251237,"comment_status":"closed","ping_status":"closed","sticky":false,"template":"","format":"standard","meta":{"ub_ctt_via":"","_mi_skip_tracking":false},"categories":[446],"tags":[783],"featured_image_src":"https:\/\/www.messinaoggi.it\/website\/wp-content\/uploads\/2025\/10\/20251001_1929.jpg","author_info":{"display_name":"Admin","author_link":"https:\/\/www.messinaoggi.it\/website\/author\/admin\/"},"digistream_id":0,"digistream":false,"_links":{"self":[{"href":"https:\/\/www.messinaoggi.it\/website\/wp-json\/wp\/v2\/posts\/251236"}],"collection":[{"href":"https:\/\/www.messinaoggi.it\/website\/wp-json\/wp\/v2\/posts"}],"about":[{"href":"https:\/\/www.messinaoggi.it\/website\/wp-json\/wp\/v2\/types\/post"}],"author":[{"embeddable":true,"href":"https:\/\/www.messinaoggi.it\/website\/wp-json\/wp\/v2\/users\/18"}],"replies":[{"embeddable":true,"href":"https:\/\/www.messinaoggi.it\/website\/wp-json\/wp\/v2\/comments?post=251236"}],"version-history":[{"count":0,"href":"https:\/\/www.messinaoggi.it\/website\/wp-json\/wp\/v2\/posts\/251236\/revisions"}],"wp:featuredmedia":[{"embeddable":true,"href":"https:\/\/www.messinaoggi.it\/website\/wp-json\/wp\/v2\/media\/251237"}],"wp:attachment":[{"href":"https:\/\/www.messinaoggi.it\/website\/wp-json\/wp\/v2\/media?parent=251236"}],"wp:term":[{"taxonomy":"category","embeddable":true,"href":"https:\/\/www.messinaoggi.it\/website\/wp-json\/wp\/v2\/categories?post=251236"},{"taxonomy":"post_tag","embeddable":true,"href":"https:\/\/www.messinaoggi.it\/website\/wp-json\/wp\/v2\/tags?post=251236"}],"curies":[{"name":"wp","href":"https:\/\/api.w.org\/{rel}","templated":true}]}}