{"id":251234,"date":"2025-10-01T19:06:30","date_gmt":"2025-10-01T17:06:30","guid":{"rendered":"https:\/\/www.messinaoggi.it\/website\/2025\/10\/01\/esame-lille-per-gasperini-la-roma-non-sceglie-tra-europa-e-serie-a\/"},"modified":"2025-10-01T19:06:30","modified_gmt":"2025-10-01T17:06:30","slug":"esame-lille-per-gasperini-la-roma-non-sceglie-tra-europa-e-serie-a","status":"publish","type":"post","link":"https:\/\/www.messinaoggi.it\/website\/2025\/10\/01\/esame-lille-per-gasperini-la-roma-non-sceglie-tra-europa-e-serie-a\/","title":{"rendered":"Esame Lille per Gasperini \u201cLa Roma non sceglie tra Europa e Serie A\u201d"},"content":{"rendered":"<div>ROMA (ITALPRESS) &#8211; &#8220;<em>Pi\u00f9 importante la coppa o il campionato? E&#8217; importante tutto, non si deve mai scartare nulla&#8221;.<\/em> Gian Piero <strong>Gasperini<\/strong> non fa preferenze alla vigilia di <strong>Roma-Lille,<\/strong> match della seconda giornata di <strong>Europa League<\/strong>, in programma alle 18:45 di domani in un Olimpico strapieno. <em>&#8220;La Serie A \u00e8 fondamentale, l&#8217;Europa altrettanto e c&#8217;\u00e8 anche la Coppa Italia. Dobbiamo affrontare tutte le competizioni con l&#8217;obiettivo di andare pi\u00f9 avanti possibile, senza fare delle scelte&#8221;,<\/em> ha affermato il tecnico di Grugliasco che l&#8217;Europa League l&#8217;ha gi\u00e0 vinta sulla panchina dell&#8217;Atalanta, chiudendo nello stesso anno al quarto posto in Serie A, con tanto di finale di Coppa Italia. Sono i tre obiettivi della Roma di quest&#8217;anno, anche se Evan Ndicka, presente in conferenza stampa al fianco del suo allenatore, precisa come sia<em> &#8220;troppo presto per parlarne&#8221;.<\/em><div id=\"div-gpt-ad-Messinaoggi.it-DSK-300x250-corpoart\" style=\"text-align:center;margin:0 auto;\"><\/div><\/p>\n<p>Dopo la vittoria contro il Nizza, la Roma affronta un altro club francese. Il Lille ha 10 punti in Ligue 1 (3 in pi\u00f9 degli uomini di Haise), ma viene da due sconfitte di fila in campionato. &#8220;<em>Affrontiamo un&#8217;ottima squadra, molto dinamica e organizzata, che gioca in modo offensivo. Ha avuto un inizio di campionato con alcuni risultati non favorevoli, ma le prestazioni sono sempre state positive. Bisogner\u00e0 essere attenti e preparati&#8221;<\/em>, \u00e8 l&#8217;avviso di Gasperini che chiede un salto di qualit\u00e0 rispetto all&#8217;ultima partita (vinta) contro il Verona. Nel post gara, domenica, il tecnico si \u00e8 soffermato sui recuperi di alcuni giocatori dopo l&#8217;impegno europeo.<em> &#8220;La fatica non \u00e8 fisica, ma pu\u00f2 essere legata alle motivazioni<\/em> &#8211; ha precisato -. <em>Non \u00e8 facile uscire da partite come il derby, che toglie tante energie, o come dalla prima di Europa League. Il Verona ha avuto una reattivit\u00e0 superiore alla nostra. Aver fatto gol abbastanza in fretta pu\u00f2 aver condizionato, ma non ho mai pensato che ci fosse un problema fisico. Il problema \u00e8 quello di riuscire a rientrare nella gara, valutando bene l&#8217;avversario&#8221;<\/em>. Ai box ci sono ancora Dybala e Bailey:<em> &#8220;Non \u00e8 usuale per me finire le partite con due centrocampisti messi come attaccanti, come successo nel derby e a Nizza. Ma in questo momento devo agire in questo modo&#8221;,<\/em> ha aggiunto Gasperini.<div id=\"videoincontent\" style=\"clear:both\";><\/div><\/p>\n<p>Domani ci saranno delle rotazioni, ma <strong>Ndicka<\/strong> (uscito per crampi domenica) si candida.<em> &#8220;Sto bene e mi sto allenando. Speriamo di essere pronti&#8221;, l<\/em>e parole del leader di una difesa che ha incassato solamente due gol in stagione.<\/p>\n<p>&#8211; Foto Ipa Agency &#8211;<\/p>\n<p>(ITALPRESS).<\/p><\/div>\n","protected":false},"excerpt":{"rendered":"<p>ROMA (ITALPRESS) &#8211; &#8220;Pi\u00f9 importante la coppa o il campionato? E&#8217; importante tutto, non si deve mai scartare nulla&#8221;. Gian Piero Gasperini non fa preferenze alla vigilia di Roma-Lille, match della seconda giornata di Europa League, in programma alle 18:45 di domani in un Olimpico strapieno. &#8220;La Serie A \u00e8 fondamentale, l&#8217;Europa altrettanto e c&#8217;\u00e8 [&hellip;]<\/p>\n","protected":false},"author":18,"featured_media":251235,"comment_status":"closed","ping_status":"closed","sticky":false,"template":"","format":"standard","meta":{"ub_ctt_via":"","_mi_skip_tracking":false},"categories":[446],"tags":[783],"featured_image_src":"https:\/\/www.messinaoggi.it\/website\/wp-content\/uploads\/2025\/10\/20251001_1927.jpg","author_info":{"display_name":"Admin","author_link":"https:\/\/www.messinaoggi.it\/website\/author\/admin\/"},"digistream_id":0,"digistream":false,"_links":{"self":[{"href":"https:\/\/www.messinaoggi.it\/website\/wp-json\/wp\/v2\/posts\/251234"}],"collection":[{"href":"https:\/\/www.messinaoggi.it\/website\/wp-json\/wp\/v2\/posts"}],"about":[{"href":"https:\/\/www.messinaoggi.it\/website\/wp-json\/wp\/v2\/types\/post"}],"author":[{"embeddable":true,"href":"https:\/\/www.messinaoggi.it\/website\/wp-json\/wp\/v2\/users\/18"}],"replies":[{"embeddable":true,"href":"https:\/\/www.messinaoggi.it\/website\/wp-json\/wp\/v2\/comments?post=251234"}],"version-history":[{"count":0,"href":"https:\/\/www.messinaoggi.it\/website\/wp-json\/wp\/v2\/posts\/251234\/revisions"}],"wp:featuredmedia":[{"embeddable":true,"href":"https:\/\/www.messinaoggi.it\/website\/wp-json\/wp\/v2\/media\/251235"}],"wp:attachment":[{"href":"https:\/\/www.messinaoggi.it\/website\/wp-json\/wp\/v2\/media?parent=251234"}],"wp:term":[{"taxonomy":"category","embeddable":true,"href":"https:\/\/www.messinaoggi.it\/website\/wp-json\/wp\/v2\/categories?post=251234"},{"taxonomy":"post_tag","embeddable":true,"href":"https:\/\/www.messinaoggi.it\/website\/wp-json\/wp\/v2\/tags?post=251234"}],"curies":[{"name":"wp","href":"https:\/\/api.w.org\/{rel}","templated":true}]}}