{"id":251232,"date":"2025-10-01T19:06:28","date_gmt":"2025-10-01T17:06:28","guid":{"rendered":"https:\/\/www.messinaoggi.it\/website\/2025\/10\/01\/meta-degli-italiani-e-insoddisfatta-del-proprio-tempo-libero\/"},"modified":"2025-10-01T19:06:28","modified_gmt":"2025-10-01T17:06:28","slug":"meta-degli-italiani-e-insoddisfatta-del-proprio-tempo-libero","status":"publish","type":"post","link":"https:\/\/www.messinaoggi.it\/website\/2025\/10\/01\/meta-degli-italiani-e-insoddisfatta-del-proprio-tempo-libero\/","title":{"rendered":"Met\u00e0 degli italiani \u00e8 insoddisfatta del proprio tempo libero"},"content":{"rendered":"<div>ROMA (ITALPRESS) &#8211; Quasi la met\u00e0 degli italiani \u00e8 insoddisfatta della qualit\u00e0 (49%, il 39% dei 16-25enni) e della quantit\u00e0 del proprio tempo libero (54%, il 50% dei 16-25enni). Questo \u00e8 quanto emerso da &#8220;Gli italiani e il tempo libero. Giovani e adulti a confronto tra interessi e opportunit\u00e0&#8221; &#8211; una ricerca condotta da SWG in occasione della Giornata Europea delle Fondazioni, per valorizzare i progetti che contrastano le disuguaglianze e creano nuove opportunit\u00e0 per le ragazze e i ragazzi.<br \/>L&#8217;indagine ha coinvolto un campione rappresentativo di italiani tra i 16 e i 75 anni, per confrontare il totale della popolazione con la fascia pi\u00f9 giovane. <br \/>Oltre alla disposizione del tempo libero, a preoccupare i cittadini italiani \u00e8 anche l&#8217;offerta presente sul territorio: il 59% dichiara di non riuscire a fare quello che vorrebbe (51% dei 16-25enni) e il 52% non \u00e8 soddisfatto della variet\u00e0 degli stimoli e delle proposte a cui pu\u00f2 accedere.<br \/>&#8220;I giovani non sono il futuro ma il presente &#8211; sostiene Giorgio Righetti, Direttore Generale di Acri &#8211; ci sono delle disparit\u00e0 sia sul piano economico che geografico rispetto alle opportunit\u00e0 a cui si pu\u00f2 accedere. E&#8217; compito nostro permettere a tutti di farlo&#8221;.<br \/>Il contrasto delle disuguaglianze di opportunit\u00e0 per le nuove generazioni \u00e8 infatti al centro di &#8220;Germogliazioni. Giovani primavera di comunit\u00e0&#8221; &#8211; una campagna che dal 22 settembre al 1\u00ba ottobre ha coinvolto 150 progetti in tutta Italia che ogni giorno offrono ai ragazzi esperienze accessibili di cultura, sport, conoscenza, socialit\u00e0 e lavoro.<br \/>&#8220;E&#8217; necessario dare delle possibilit\u00e0 e appassionare i ragazzi -afferma Antonio Danieli, Presidente di Assifero &#8211; partendo dalle scuole elementari, medie e superiori con percorsi di accompagnamento e orientamento&#8221;.<br \/>Alla campagna ha partecipato anche Radioimmaginaria &#8211; la radio degli adolescenti, con un tour di &#8220;Ti Accompagno a Scuola&#8221;, il programma che dalle 07.00 alle 08.00 del mattino racconta il tragitto casa-scuola degli studenti, in 3 scuole in giro per l&#8217;Italia. <br \/>Gli speaker di Radioimmaginaria sono partiti il 16 settembre da Napoli, dall&#8217;Istituto Alfonso Canova, dove hanno incontrato alcuni coetanei che hanno partecipato al progetto &#8220;Cantiere Scuola per il restauro di nave Galatea&#8221;, realizzato da Associazione Life, grazie al quale hanno avuto la possibilit\u00e0 di prendere parte alla restaurazione della nave scuola Galatea. Il 24 settembre a Torino, dal Convitto Nazionale Umberto I, hanno raccontato &#8220;Giosef&#8221;, un&#8217;associazione che ogni anno d\u00e0 la possibilit\u00e0 a ragazze e ragazzi di fare esperienze all&#8217;estero. Il tour si \u00e8 concluso il 30 settembre a Lugo, in provincia di Ravenna, con &#8220;Film Voice&#8221;, un progetto promosso da Cinemovel Foundation per sostenere i ragazzi della Bassa Romagna, attraverso un videomagazine realizzato dagli adolescenti del territorio, segnato dall&#8217;alluvione del 2023.<div id=\"div-gpt-ad-Messinaoggi.it-DSK-300x250-corpoart\" style=\"text-align:center;margin:0 auto;\"><\/div><\/p>\n<p>&#8211; Foto Radioimmaginaria &#8211;<div id=\"videoincontent\" style=\"clear:both\";><\/div><\/p>\n<p>(ITALPRESS).<\/p><\/div>\n","protected":false},"excerpt":{"rendered":"<p>ROMA (ITALPRESS) &#8211; Quasi la met\u00e0 degli italiani \u00e8 insoddisfatta della qualit\u00e0 (49%, il 39% dei 16-25enni) e della quantit\u00e0 del proprio tempo libero (54%, il 50% dei 16-25enni). Questo \u00e8 quanto emerso da &#8220;Gli italiani e il tempo libero. Giovani e adulti a confronto tra interessi e opportunit\u00e0&#8221; &#8211; una ricerca condotta da SWG [&hellip;]<\/p>\n","protected":false},"author":18,"featured_media":251233,"comment_status":"closed","ping_status":"closed","sticky":false,"template":"","format":"standard","meta":{"ub_ctt_via":"","_mi_skip_tracking":false},"categories":[446],"tags":[783],"featured_image_src":"https:\/\/www.messinaoggi.it\/website\/wp-content\/uploads\/2025\/10\/20251001_1367.jpg","author_info":{"display_name":"Admin","author_link":"https:\/\/www.messinaoggi.it\/website\/author\/admin\/"},"digistream_id":0,"digistream":false,"_links":{"self":[{"href":"https:\/\/www.messinaoggi.it\/website\/wp-json\/wp\/v2\/posts\/251232"}],"collection":[{"href":"https:\/\/www.messinaoggi.it\/website\/wp-json\/wp\/v2\/posts"}],"about":[{"href":"https:\/\/www.messinaoggi.it\/website\/wp-json\/wp\/v2\/types\/post"}],"author":[{"embeddable":true,"href":"https:\/\/www.messinaoggi.it\/website\/wp-json\/wp\/v2\/users\/18"}],"replies":[{"embeddable":true,"href":"https:\/\/www.messinaoggi.it\/website\/wp-json\/wp\/v2\/comments?post=251232"}],"version-history":[{"count":0,"href":"https:\/\/www.messinaoggi.it\/website\/wp-json\/wp\/v2\/posts\/251232\/revisions"}],"wp:featuredmedia":[{"embeddable":true,"href":"https:\/\/www.messinaoggi.it\/website\/wp-json\/wp\/v2\/media\/251233"}],"wp:attachment":[{"href":"https:\/\/www.messinaoggi.it\/website\/wp-json\/wp\/v2\/media?parent=251232"}],"wp:term":[{"taxonomy":"category","embeddable":true,"href":"https:\/\/www.messinaoggi.it\/website\/wp-json\/wp\/v2\/categories?post=251232"},{"taxonomy":"post_tag","embeddable":true,"href":"https:\/\/www.messinaoggi.it\/website\/wp-json\/wp\/v2\/tags?post=251232"}],"curies":[{"name":"wp","href":"https:\/\/api.w.org\/{rel}","templated":true}]}}