{"id":251230,"date":"2025-10-01T19:06:26","date_gmt":"2025-10-01T17:06:26","guid":{"rendered":"https:\/\/www.messinaoggi.it\/website\/2025\/10\/01\/a-milano-una-mostra-digitale-per-sensibilizzare-sullasma-grave\/"},"modified":"2025-10-01T19:06:26","modified_gmt":"2025-10-01T17:06:26","slug":"a-milano-una-mostra-digitale-per-sensibilizzare-sullasma-grave","status":"publish","type":"post","link":"https:\/\/www.messinaoggi.it\/website\/2025\/10\/01\/a-milano-una-mostra-digitale-per-sensibilizzare-sullasma-grave\/","title":{"rendered":"A Milano una mostra digitale per sensibilizzare sull\u2019asma grave"},"content":{"rendered":"<div>MILANO (ITALPRESS) &#8211; Sensibilizzare l&#8217;opinione pubblica sull&#8217;asma grave e favorire l&#8217;informazione su questa patologia, spesso sottovalutata. E&#8217; lo scopo della campagna &#8220;Dottore ho l&#8217;asma. E&#8217; grave? La mostra&#8221; promossa da AAIITO (Associazione Allergologi Immunologi Italiani Territoriali e Ospedalieri). Dal 2020, si pone l&#8217;obiettivo di informare sull&#8217;impatto epidemiologico e sulle conseguenze dell&#8217;asma grave se non adeguatamente trattata e sulla disponibilit\u00e0 ed efficacia di terapie quali i nuovi farmaci biologici. Lavinia Fagiuoli e Francesca Gastone sono le due giovani donne che hanno messo la loro arte al servizio della campagna, lavorando a una mostra &#8211; visitabile gratuitamente l&#8217;1 e il 2 ottobre presso Le Village by CA &#8211; Sala Parigi, Corso di Porta Romana 61 a Milano, dalle 8.00 alle 18.00 &#8211; presentata oggi nell&#8217;ambito della Milano Digital Week 2025. Il progetto ha visto anche la collaborazione dell&#8217;Associazione Nazionale pazienti Respiriamo Insieme APS e il contributo di AstraZeneca, GSK e Sanofi. <br \/>Negli ultimi due anni, dalla pubblicazione del &#8220;Romanzo collettivo di storie vissute&#8221; alla produzione del cortometraggio &#8220;Respira&#8221; realizzato con l&#8217;Intelligenza Artificiale, il progetto &#8220;Dottore ho l&#8217;asma. E&#8217; grave?&#8221; pone al centro i pazienti, le loro storie, al fine di mettere in luce aspetti ancora inesplorati della loro condizione e dei loro bisogni. La campagna ha permesso di produrre strumenti creativi utili non solo alla persona che affronta quotidianamente la patologia, ma anche agli specialisti. Per mantenere un continuum narrativo coerente con il cortometraggio realizzato nel 2024, sono stati sviluppati nelle opere della mostra i temi principali esplorati in Respira: labirinto, nebbia, roccia, silenzio, colore e sono nate cos\u00ec 5 opere animate digitali che permettono al visitatore di esplorare il mondo dell&#8217;asma grave. Questi elementi simbolici diventano quindi il filo conduttore di un percorso espositivo che unisce arte e testimonianza, immaginazione e realt\u00e0. <br \/>&#8220;Queste opere rappresentano un percorso emotivo per far comprendere pi\u00f9 da vicino l&#8217;impatto della malattia e l&#8217;importanza di riconoscerla, affrontarla e superarla &#8211; spiega Antonino Musarra, responsabile comunicazione AAIITO -. Ancora oggi c&#8217;\u00e8 molta disinformazione su questa patologia e sappiamo quanto possa essere in salita la vita di chi convive con una patologia come l&#8217;asma grave. Con iniziative come questa, che utilizzano strumenti innovativi e creativi, ci auguriamo di raggiungere sempre pi\u00f9 persone possibili e di portare un messaggio di speranza anche ai pazienti pi\u00f9 giovani. Aiutarli a prendere consapevolezza della malattia di cui sono affetti e aiutarli a intraprendere il corretto percorso di diagnosi e cura, \u00e8 il primo passo da compiere per far s\u00ec che le persone con asma grave possano affrontare meglio la propria quotidianit\u00e0 e limitare conseguenze e ripercussioni della malattia sia a livello personale che sociale e professionale&#8221;. <br \/>Cinque opere capaci di offrire allo spettatore un&#8217;esperienza immersiva e multisensoriale, grazie all&#8217;ausilio dell&#8217;arte figurativa e del linguaggio digitale. Le animazioni, a cura di Giacomo Manzotti &#8211; regista e motion designer &#8211; e i suoni, realizzati da Fabio Sirna &#8211; musicista e sound designer -, arricchiscono ogni illustrazione, permettendo di osservare l&#8217;asma grave da una prospettiva inedita, capace di restituire la complessit\u00e0 e le molte sfaccettature della patologia. Cos\u00ec sono nate &#8220;Roccia- La paura&#8221;, a cura di Lavinia Fagiuoli, Giacomo Manzotti, Fabio Sirna; &#8220;Colore- Isolamento sociale&#8221; a cura di Francesca Gastone, Giacomo Manzotti, Fabio Sirna; &#8220;Nebbia &#8211; Confusione prima della diagnosi, a cura di Lavinia Fagiuoli, Giacomo Manzotti, Fabio Sirna; &#8220;Labirinto &#8211; Percorso di cura complesso, a cura di Lavinia Fagiuoli, Francesca Gastone, Fabio Sirna; &#8220;Silenzio- Sottovalutazione della patologia da parte del paziente&#8221;, a cura di Lavinia Fagiuoli, Giacomo Manzotti, Fabio Sirna. <br \/>Attraverso queste video-installazioni, lo spettatore entra nel mondo dell&#8217;asma grave e pu\u00f2 coglierne gli aspetti nascosti: la fatica del respiro, la solitudine, le barriere invisibili, ma anche la forza, la speranza e la possibilit\u00e0 di ritrovare luce e libert\u00e0. L&#8217;elemento esterno di colore blu, all&#8217;interno di ogni opera, segna il cambiamento nella gestione quotidiana della patologia, reso possibile dal supporto dei clinici e dall&#8217;arrivo dei farmaci biologici. Oggi, infatti, la cura dell&#8217;asma \u00e8 radicalmente cambiata con le terapie biologiche mirate, in grado di agire con precisione sui meccanismi della maggior parte delle forme di asma grave.<br \/>&#8220;Purtroppo, i ritardi nella diagnosi sono ancora troppo importanti, con forti ripercussioni sull&#8217;andamento della malattia, sia in termini di qualit\u00e0 di vita che di costi socio-sanitari &#8211; sottolinea Maria Beatrice Bil\u00f2, responsabile formazione AAIITO -. Oltre a questo, si aggiunge il fatto che spesso nel paziente con asma grave coesistono numerose comorbidit\u00e0, talvolta non diagnosticate o non adeguatamente considerate, che contribuiscono a complicare la malattia e a rendere meno efficaci le cure. Da qui l&#8217;importanza di una corretta gestione dell&#8217;asma grave, \u00e8 fondamentale che il paziente sia seguito e trattato in maniera tempestiva e continuativa presso i centri specializzati. Nelle opere di questa mostra, emergono in modo importante la necessit\u00e0 di una diagnosi tempestiva, l&#8217;accesso all&#8217;innovazione terapeutica e la creazione di una rete integrata in cui il paziente si senta meno solo. Oggi la cura dell&#8217;asma \u00e8 radicalmente cambiata con le terapie biologiche mirate in grado di agire con precisione sui meccanismi biologici della maggior parte delle forme di asma grave&#8221;. <br \/>Le illustrazioni raccontano proprio questo, il patient journey del paziente, mettendo in luce le difficolt\u00e0 quotidiane con cui i pazienti devono convivere. &#8220;Dal 2017 la nostra Associazione \u00e8 impegnata sul fronte del Riconoscimento nel Piano Nazionale della Cronicit\u00e0 (PNC) dell&#8217;asma grave, dell&#8217;inserimento nei Livelli Essenziali di Assistenza (LEA) e del riconoscimento di tutele sociali correlate alla severit\u00e0 di questa malattia &#8211; racconta Simona Barbaglia, presidente di Respiriamo Insieme APS &#8211; . Crediamo nella sinergia di tutti gli attori coinvolti nel sistema, perch\u00e8 solo insieme si pu\u00f2 fare davvero la differenza. Raccontare una patologia complessa come l&#8217;asma grave attraverso l&#8217;arte \u00e8 stata una sfida importante ma siamo fortemente convinti che attivit\u00e0 come queste possano portare far meglio comprendere le criticit\u00e0 il paziente vive ogni giorno portando beneficio alla comunit\u00e0 di pazienti, perch\u00e8 aumenta l&#8217;informazione su questa patologia ancora oggi purtroppo troppo sottodiagnosticata&#8221;.<div id=\"div-gpt-ad-Messinaoggi.it-DSK-300x250-corpoart\" style=\"text-align:center;margin:0 auto;\"><\/div><\/p>\n<p>&#8211; foto ufficio stampa Honboard &#8211;<br \/>(ITALPRESS).<\/div>\n<div id=\"videoincontent\" style=\"clear:both\";><\/div>","protected":false},"excerpt":{"rendered":"<p>MILANO (ITALPRESS) &#8211; Sensibilizzare l&#8217;opinione pubblica sull&#8217;asma grave e favorire l&#8217;informazione su questa patologia, spesso sottovalutata. E&#8217; lo scopo della campagna &#8220;Dottore ho l&#8217;asma. E&#8217; grave? La mostra&#8221; promossa da AAIITO (Associazione Allergologi Immunologi Italiani Territoriali e Ospedalieri). Dal 2020, si pone l&#8217;obiettivo di informare sull&#8217;impatto epidemiologico e sulle conseguenze dell&#8217;asma grave se non adeguatamente [&hellip;]<\/p>\n","protected":false},"author":18,"featured_media":251231,"comment_status":"closed","ping_status":"closed","sticky":false,"template":"","format":"standard","meta":{"ub_ctt_via":"","_mi_skip_tracking":false},"categories":[446],"tags":[783],"featured_image_src":"https:\/\/www.messinaoggi.it\/website\/wp-content\/uploads\/2025\/10\/20251001_1248.jpg","author_info":{"display_name":"Admin","author_link":"https:\/\/www.messinaoggi.it\/website\/author\/admin\/"},"digistream_id":0,"digistream":false,"_links":{"self":[{"href":"https:\/\/www.messinaoggi.it\/website\/wp-json\/wp\/v2\/posts\/251230"}],"collection":[{"href":"https:\/\/www.messinaoggi.it\/website\/wp-json\/wp\/v2\/posts"}],"about":[{"href":"https:\/\/www.messinaoggi.it\/website\/wp-json\/wp\/v2\/types\/post"}],"author":[{"embeddable":true,"href":"https:\/\/www.messinaoggi.it\/website\/wp-json\/wp\/v2\/users\/18"}],"replies":[{"embeddable":true,"href":"https:\/\/www.messinaoggi.it\/website\/wp-json\/wp\/v2\/comments?post=251230"}],"version-history":[{"count":0,"href":"https:\/\/www.messinaoggi.it\/website\/wp-json\/wp\/v2\/posts\/251230\/revisions"}],"wp:featuredmedia":[{"embeddable":true,"href":"https:\/\/www.messinaoggi.it\/website\/wp-json\/wp\/v2\/media\/251231"}],"wp:attachment":[{"href":"https:\/\/www.messinaoggi.it\/website\/wp-json\/wp\/v2\/media?parent=251230"}],"wp:term":[{"taxonomy":"category","embeddable":true,"href":"https:\/\/www.messinaoggi.it\/website\/wp-json\/wp\/v2\/categories?post=251230"},{"taxonomy":"post_tag","embeddable":true,"href":"https:\/\/www.messinaoggi.it\/website\/wp-json\/wp\/v2\/tags?post=251230"}],"curies":[{"name":"wp","href":"https:\/\/api.w.org\/{rel}","templated":true}]}}