{"id":251228,"date":"2025-10-01T17:06:25","date_gmt":"2025-10-01T15:06:25","guid":{"rendered":"https:\/\/www.messinaoggi.it\/website\/2025\/10\/01\/flotilla-meloni-sofferenze-dei-palestinese-forse-non-erano-priorita\/"},"modified":"2025-10-01T17:06:25","modified_gmt":"2025-10-01T15:06:25","slug":"flotilla-meloni-sofferenze-dei-palestinese-forse-non-erano-priorita","status":"publish","type":"post","link":"https:\/\/www.messinaoggi.it\/website\/2025\/10\/01\/flotilla-meloni-sofferenze-dei-palestinese-forse-non-erano-priorita\/","title":{"rendered":"Flotilla, Meloni \u201cSofferenze dei palestinese forse non erano priorit\u00e0\u201d"},"content":{"rendered":"<div>COPENAGHEN (DANIMARCA) (ITALPRESS) &#8211; &#8220;Penso che in questa fase di un equilibrio che \u00e8 estremamente delicato e di fronte a una possibilit\u00e0 che sarebbe storica, insistere in un&#8217;iniziativa che ha dei margini di pericolosit\u00e0 e di irresponsabilit\u00e0 io continuo a non capirlo&#8221;. Cos\u00ec la presidente del Consiglio, Giorgia Meloni, nel corso di un punto stampa prima del Consiglio europeo, tornando sulla vicenda della Flotilla. &#8220;Penso che dopo gli appelli fatti dal presidente Matarella in poi, quanto detto da altri leader europei e quanto stanno facendo paesi come la Spagna, che \u00e8 esattamente quello che sta facendo l&#8217;Italia, il rischio di un&#8217;iniziativa che diceva di nascere per una questione umanitaria, poi si \u00e8 scoperto che era per forzare un blocco navale, quindi mi pare che il tema sia tutt&#8217;altro, assume dei contorni che sono incredibili. Nella fase di queste ore in cui tutti quanti dovrebbero capire che esercitare la responsabilit\u00e0 e attendere mentre c&#8217;\u00e8 un negoziato di pace, \u00e8 forse la cosa pi\u00f9 utile che si pu\u00f2 fare per alleviare le sofferenze del popolo palestinese, ma forse queste non erano la priorit\u00e0&#8221;, ha aggiunto Meloni.<br \/>(ITALPRESS).<br \/>-Foto: Palazzo Chigi-<\/div>\n<div id=\"div-gpt-ad-Messinaoggi.it-DSK-300x250-corpoart\" style=\"text-align:center;margin:0 auto;\"><\/div><\/p><div id=\"videoincontent\" style=\"clear:both\";><\/div>","protected":false},"excerpt":{"rendered":"<p>COPENAGHEN (DANIMARCA) (ITALPRESS) &#8211; &#8220;Penso che in questa fase di un equilibrio che \u00e8 estremamente delicato e di fronte a una possibilit\u00e0 che sarebbe storica, insistere in un&#8217;iniziativa che ha dei margini di pericolosit\u00e0 e di irresponsabilit\u00e0 io continuo a non capirlo&#8221;. Cos\u00ec la presidente del Consiglio, Giorgia Meloni, nel corso di un punto stampa [&hellip;]<\/p>\n","protected":false},"author":18,"featured_media":251229,"comment_status":"closed","ping_status":"closed","sticky":false,"template":"","format":"standard","meta":{"ub_ctt_via":"","_mi_skip_tracking":false},"categories":[446],"tags":[783],"featured_image_src":"https:\/\/www.messinaoggi.it\/website\/wp-content\/uploads\/2025\/10\/20251001_1056.jpg","author_info":{"display_name":"Admin","author_link":"https:\/\/www.messinaoggi.it\/website\/author\/admin\/"},"digistream_id":0,"digistream":false,"_links":{"self":[{"href":"https:\/\/www.messinaoggi.it\/website\/wp-json\/wp\/v2\/posts\/251228"}],"collection":[{"href":"https:\/\/www.messinaoggi.it\/website\/wp-json\/wp\/v2\/posts"}],"about":[{"href":"https:\/\/www.messinaoggi.it\/website\/wp-json\/wp\/v2\/types\/post"}],"author":[{"embeddable":true,"href":"https:\/\/www.messinaoggi.it\/website\/wp-json\/wp\/v2\/users\/18"}],"replies":[{"embeddable":true,"href":"https:\/\/www.messinaoggi.it\/website\/wp-json\/wp\/v2\/comments?post=251228"}],"version-history":[{"count":0,"href":"https:\/\/www.messinaoggi.it\/website\/wp-json\/wp\/v2\/posts\/251228\/revisions"}],"wp:featuredmedia":[{"embeddable":true,"href":"https:\/\/www.messinaoggi.it\/website\/wp-json\/wp\/v2\/media\/251229"}],"wp:attachment":[{"href":"https:\/\/www.messinaoggi.it\/website\/wp-json\/wp\/v2\/media?parent=251228"}],"wp:term":[{"taxonomy":"category","embeddable":true,"href":"https:\/\/www.messinaoggi.it\/website\/wp-json\/wp\/v2\/categories?post=251228"},{"taxonomy":"post_tag","embeddable":true,"href":"https:\/\/www.messinaoggi.it\/website\/wp-json\/wp\/v2\/tags?post=251228"}],"curies":[{"name":"wp","href":"https:\/\/api.w.org\/{rel}","templated":true}]}}