{"id":251187,"date":"2025-09-30T22:06:31","date_gmt":"2025-09-30T20:06:31","guid":{"rendered":"https:\/\/www.messinaoggi.it\/website\/2025\/09\/30\/tudor-con-villarreal-servira-prestazione-di-livello\/"},"modified":"2025-09-30T22:06:31","modified_gmt":"2025-09-30T20:06:31","slug":"tudor-con-villarreal-servira-prestazione-di-livello","status":"publish","type":"post","link":"https:\/\/www.messinaoggi.it\/website\/2025\/09\/30\/tudor-con-villarreal-servira-prestazione-di-livello\/","title":{"rendered":"Tudor \u201cCon Villarreal servir\u00e0 prestazione di livello\u201d"},"content":{"rendered":"<div>VILA-REAL (SPAGNA) (ITALPRESS) &#8211; <em>&#8220;<strong>Servir\u00e0 una prestazione di livello perch\u00e8 affrontiamo una squadra di qualit\u00e0&#8221;.<\/strong><\/em><strong> Cos\u00ec Igor Tudor,<\/strong> allenatore della Juventus, ai microfoni di Sky Sport, alla vigilia della sfida di Champions League contro il Villarreal. <em>&#8220;Dovremo stare attenti sempre, mi aspetto qualit\u00e0 da loro. Ci sono alcune cose che il Villarreal fa meglio, altre meno, ed \u00e8 qui che dobbiamo sfruttare quelle cose che pensiamo possiamo fare per metterli in difficolt\u00e0&#8221;.<\/em><div id=\"div-gpt-ad-Messinaoggi.it-DSK-300x250-corpoart\" style=\"text-align:center;margin:0 auto;\"><\/div><\/p>\n<p>Sulle <strong>assenze di Bremer e Thuram: <em>&#8220;Non ce la facevano, ma dovrebbero farcela per il Milan&#8221;.<\/em><\/strong> Infine, Tudor ha parlato delle scelte in attacco: <em>&#8220;Dipendono dall&#8217;avversario e da chi gli star\u00e0 attorno&#8221;.<\/em><div id=\"videoincontent\" style=\"clear:both\";><\/div><\/p>\n<p>Oltre all&#8217;allenatore bianconero a parlare \u00e8 stato il difensore Juan Cabal<em>: &#8220;Sono contento per il gol (contro l&#8217;Atalanta, ndr), \u00e8 stata una bella emozione e spero di farne ancora di pi\u00f9&#8221;.<\/em> Il jolly ex Verona \u00e8 stato fin qui utilizzato in pi\u00f9 ruoli: <em>&#8220;Se preferisco giocare in difesa da terzo o quinto? A me piace giocare, decide il mister, mi piacciono entrambe le posizioni<\/em> &#8211; ha sottolineato -. <em>Sono pronto&#8221;.<\/em> Cabal ha poi concluso parlando della sfida con gli spagnoli: <em>&#8220;Sar\u00e0 una gara difficile, dovremo essere attenti. Sappiamo che affrontiamo una squadra forte e in Champions vogliono vincere tutti&#8221;.<\/em><\/p>\n<p>&#8211; Foto Ipa Agency &#8211;<br \/>\n(ITALPRESS).<\/p><\/div>\n","protected":false},"excerpt":{"rendered":"<p>VILA-REAL (SPAGNA) (ITALPRESS) &#8211; &#8220;Servir\u00e0 una prestazione di livello perch\u00e8 affrontiamo una squadra di qualit\u00e0&#8221;. Cos\u00ec Igor Tudor, allenatore della Juventus, ai microfoni di Sky Sport, alla vigilia della sfida di Champions League contro il Villarreal. &#8220;Dovremo stare attenti sempre, mi aspetto qualit\u00e0 da loro. Ci sono alcune cose che il Villarreal fa meglio, altre [&hellip;]<\/p>\n","protected":false},"author":18,"featured_media":251188,"comment_status":"closed","ping_status":"closed","sticky":false,"template":"","format":"standard","meta":{"ub_ctt_via":"","_mi_skip_tracking":false},"categories":[446],"tags":[783],"featured_image_src":"https:\/\/www.messinaoggi.it\/website\/wp-content\/uploads\/2025\/09\/20250930_2469.jpg","author_info":{"display_name":"Admin","author_link":"https:\/\/www.messinaoggi.it\/website\/author\/admin\/"},"digistream_id":0,"digistream":false,"_links":{"self":[{"href":"https:\/\/www.messinaoggi.it\/website\/wp-json\/wp\/v2\/posts\/251187"}],"collection":[{"href":"https:\/\/www.messinaoggi.it\/website\/wp-json\/wp\/v2\/posts"}],"about":[{"href":"https:\/\/www.messinaoggi.it\/website\/wp-json\/wp\/v2\/types\/post"}],"author":[{"embeddable":true,"href":"https:\/\/www.messinaoggi.it\/website\/wp-json\/wp\/v2\/users\/18"}],"replies":[{"embeddable":true,"href":"https:\/\/www.messinaoggi.it\/website\/wp-json\/wp\/v2\/comments?post=251187"}],"version-history":[{"count":0,"href":"https:\/\/www.messinaoggi.it\/website\/wp-json\/wp\/v2\/posts\/251187\/revisions"}],"wp:featuredmedia":[{"embeddable":true,"href":"https:\/\/www.messinaoggi.it\/website\/wp-json\/wp\/v2\/media\/251188"}],"wp:attachment":[{"href":"https:\/\/www.messinaoggi.it\/website\/wp-json\/wp\/v2\/media?parent=251187"}],"wp:term":[{"taxonomy":"category","embeddable":true,"href":"https:\/\/www.messinaoggi.it\/website\/wp-json\/wp\/v2\/categories?post=251187"},{"taxonomy":"post_tag","embeddable":true,"href":"https:\/\/www.messinaoggi.it\/website\/wp-json\/wp\/v2\/tags?post=251187"}],"curies":[{"name":"wp","href":"https:\/\/api.w.org\/{rel}","templated":true}]}}