{"id":251167,"date":"2025-09-30T16:06:31","date_gmt":"2025-09-30T14:06:31","guid":{"rendered":"https:\/\/www.messinaoggi.it\/website\/2025\/09\/30\/conte-pensa-solo-a-napoli-sporting-de-bruyne-caso-chiuso\/"},"modified":"2025-09-30T16:06:31","modified_gmt":"2025-09-30T14:06:31","slug":"conte-pensa-solo-a-napoli-sporting-de-bruyne-caso-chiuso","status":"publish","type":"post","link":"https:\/\/www.messinaoggi.it\/website\/2025\/09\/30\/conte-pensa-solo-a-napoli-sporting-de-bruyne-caso-chiuso\/","title":{"rendered":"Conte pensa solo a Napoli-Sporting \u201cDe Bruyne caso chiuso\u201d"},"content":{"rendered":"<div>NAPOLI (ITALPRESS) &#8211; <em>&#8220;Se analizziamo bene tutte le squadre che fanno la competizione europea \u00e8 inevitabile, avendo pi\u00f9 partite, di avere degli infortuni in virt\u00f9 del fatto che gli allenamenti sono di meno. Il problema \u00e8 che gli infortuni sono arrivati tutti nello stesso settore. Rrahmani si \u00e8 fatto male in Nazionale. Se lo sommiamo a Buongiorno non va bene. Cos\u00ec come Olivera. Per fortuna c&#8217;\u00e8 Gutierrez. Ieri sia Spinazzola che Olivera hanno fatto differenziato. Cercheremo di recuperarli in tutti i modi visto che Mazzocchi e Marianucci non sono in lista&#8221;.<\/em> Cos\u00ec <strong>Antonio Conte nella conferenza stampa di presentazione della sfida di Champions Napoli-Sporting Lisbona in programma domani sera al Maradona.<\/strong><div id=\"div-gpt-ad-Messinaoggi.it-DSK-300x250-corpoart\" style=\"text-align:center;margin:0 auto;\"><\/div><\/p>\n<p>Un match fondamentale per il proseguo del percorso in Europa, ma il tecnico sa bene che occorrer\u00e0 fare di tutto per riuscire a conquistare i tre punti: <em>&#8220;Cambio modulo? Se avete qualche idea parlate ora<\/em> &#8211; ha detto ridendo rivolgendosi ai giornalisti -. <em>Ho due centrali, o ne metto uno o non so cosa fare. Partita importante? Dobbiamo cercare di vincerle tutte. Dobbiamo fare di tutto anche nelle difficolt\u00e0 oggettive. Sappiamo che \u00e8 la seconda gara di Champions. Con i calciatori che sono a disposizione cercheremo di ottenere il massimo&#8221;<\/em>.<div id=\"videoincontent\" style=\"clear:both\";><\/div><\/p>\n<p>Impossibile non parlare di De Bruyne, che al momento della sua sostituzione nella sfida di San Siro con il Milan \u00e8 apparso piuttosto contrariato: &#8220;<em>A me non piace parlare del singolo<\/em> &#8211; ha sottolineato Conte -. <em>Noi vinciamo da squadra e perdiamo da squadra. Per quanto riguarda la partita di domenica sera con il Milan sono contento della prestazione pi\u00f9 delle sfide vinte nella scorsa stagione. Ci sono state due disattenzioni dove dobbiamo lavorare. Per il resto la prestazione l&#8217;abbiamo fatta. Il Napoli che va a San Siro a dominare la partita non succede tutti i giorni. De Bruyne \u00e8 un giocatore del Napoli. Va bene la squadra, va bene lui, va male la squadra, va male lui. Cerchiamo di trovare il giusto equilibrio. Io devo cercare le soluzioni migliore. E&#8217; il secondo anno, sar\u00e0 molto complesso sapendo di giocare ogni tre giorni dovendo inserire tanti nuovi calciatori&#8221;,<\/em> ha detto ancora Conte.<\/p>\n<p>La questione del belga \u00e8 diventata centrale, il tecnico &#8211; per\u00f2 &#8211; ci tiene a tagliare corto: <em>&#8220;E&#8217; stato tutto chiarito. Patti chiari, amicizia lunga si dice a casa mia. Il caso \u00e8 chiuso&#8221;.<\/em><br \/>\nCon lui in conferenza stampa anche<strong> Juan Jesus<\/strong>: <em>&#8220;So che c&#8217;\u00e8 polemica per la questione De Bruyne ma questo non importa alla squadra. Siamo concentrati sulla sfida di Champions con lo Sporting, che \u00e8 una squadra molto tecnica. Dobbiamo<\/em><br \/>\n<em>sfruttare qualche loro difficolt\u00e0 difensiva e gestire bene la partita. Sar\u00e0 importante vincere cos\u00ec prenderemo fiducia&#8221;.<\/em><br \/>\n&#8211; Foto: Ipa Agency &#8211;<br \/>\n(ITALPRESS).<\/div>\n","protected":false},"excerpt":{"rendered":"<p>NAPOLI (ITALPRESS) &#8211; &#8220;Se analizziamo bene tutte le squadre che fanno la competizione europea \u00e8 inevitabile, avendo pi\u00f9 partite, di avere degli infortuni in virt\u00f9 del fatto che gli allenamenti sono di meno. Il problema \u00e8 che gli infortuni sono arrivati tutti nello stesso settore. Rrahmani si \u00e8 fatto male in Nazionale. Se lo sommiamo [&hellip;]<\/p>\n","protected":false},"author":18,"featured_media":251168,"comment_status":"closed","ping_status":"closed","sticky":false,"template":"","format":"standard","meta":{"ub_ctt_via":"","_mi_skip_tracking":false},"categories":[446],"tags":[783],"featured_image_src":"https:\/\/www.messinaoggi.it\/website\/wp-content\/uploads\/2025\/09\/20250930_0889.jpg","author_info":{"display_name":"Admin","author_link":"https:\/\/www.messinaoggi.it\/website\/author\/admin\/"},"digistream_id":0,"digistream":false,"_links":{"self":[{"href":"https:\/\/www.messinaoggi.it\/website\/wp-json\/wp\/v2\/posts\/251167"}],"collection":[{"href":"https:\/\/www.messinaoggi.it\/website\/wp-json\/wp\/v2\/posts"}],"about":[{"href":"https:\/\/www.messinaoggi.it\/website\/wp-json\/wp\/v2\/types\/post"}],"author":[{"embeddable":true,"href":"https:\/\/www.messinaoggi.it\/website\/wp-json\/wp\/v2\/users\/18"}],"replies":[{"embeddable":true,"href":"https:\/\/www.messinaoggi.it\/website\/wp-json\/wp\/v2\/comments?post=251167"}],"version-history":[{"count":0,"href":"https:\/\/www.messinaoggi.it\/website\/wp-json\/wp\/v2\/posts\/251167\/revisions"}],"wp:featuredmedia":[{"embeddable":true,"href":"https:\/\/www.messinaoggi.it\/website\/wp-json\/wp\/v2\/media\/251168"}],"wp:attachment":[{"href":"https:\/\/www.messinaoggi.it\/website\/wp-json\/wp\/v2\/media?parent=251167"}],"wp:term":[{"taxonomy":"category","embeddable":true,"href":"https:\/\/www.messinaoggi.it\/website\/wp-json\/wp\/v2\/categories?post=251167"},{"taxonomy":"post_tag","embeddable":true,"href":"https:\/\/www.messinaoggi.it\/website\/wp-json\/wp\/v2\/tags?post=251167"}],"curies":[{"name":"wp","href":"https:\/\/api.w.org\/{rel}","templated":true}]}}