{"id":251165,"date":"2025-09-30T16:06:26","date_gmt":"2025-09-30T14:06:26","guid":{"rendered":"https:\/\/www.messinaoggi.it\/website\/2025\/09\/30\/tajani-piano-usa-importante-passo-avanti-pronti-a-fare-nostra-parte\/"},"modified":"2025-09-30T16:06:26","modified_gmt":"2025-09-30T14:06:26","slug":"tajani-piano-usa-importante-passo-avanti-pronti-a-fare-nostra-parte","status":"publish","type":"post","link":"https:\/\/www.messinaoggi.it\/website\/2025\/09\/30\/tajani-piano-usa-importante-passo-avanti-pronti-a-fare-nostra-parte\/","title":{"rendered":"Tajani \u201cPiano Usa importante passo avanti, pronti a fare nostra parte\u201d"},"content":{"rendered":"<div>ROMA (ITALPRESS) &#8211; Il piano annunciato da Trump &#8220;mi pare un importante passo in avanti, ha raccolto il consenso non solo di Netanyahu ma anche di tanti Paesi arabi. Questo significa che pu\u00f2 procedere nella direzione della pace, arrivare a un cessate il fuoco, alla liberazione degli ostaggi, il ritiro delle truppe israeliane e la liberazione dei prigionieri palestinesi. Se Hamas sira s\u00ec, si potr\u00e0 davvero vedere la luce in fondo al tunnel&#8221;. Cos\u00ec il vicepremier e ministro degli Esteri, Antonio Tajani, parlando con i cronisti a margine di un evento. &#8220;Se il buongiorno si vede dal mattino &#8211; sottolinea &#8211; l&#8217;incontro tra Netanyahu e Trump \u00e8 stato positivo. Noi siamo pronti a fare la nostra parte qualora si dovesse arrivare a questa amministrazione sostenuta da una presenza internazionale, anche se dovesse esserci una presenza militare siamo pronti a farlo&#8221;. Tajani osserva che se &#8220;dobbiamo lavorare per la costruzione dello Stato palestinese bisogna riunire Cisgiordania e Gaza&#8221; e il riconoscimento dello Stato della Palestina &#8220;\u00e8 un percorso non facile ma va perseguito&#8221;, Per Tajani, infine, quella di non forzare il blocco navale da parte della Flotilla &#8220;mi pare una scelta di buonsenso. Forzare il blocco serve solo a mettere a repentaglio le imbarcazioni e le persone che ci sono dentro. Noi abbiamo sempre invitato tutti alla prudenza, ieri ho chiamato il ministro degli Esteri israeliano Saar chiedendogli che, in caso di tentativo di forzare il blocco, non ci sia violenza nei confronti n\u00e8 dei parlamentari e n\u00e8 dei cittadini italiani. Questo per noi \u00e8 importante&#8221;.<br \/>(ITALPRESS).<br \/>-Foto: Ipa Agency-<\/div>\n<div id=\"div-gpt-ad-Messinaoggi.it-DSK-300x250-corpoart\" style=\"text-align:center;margin:0 auto;\"><\/div><\/p><div id=\"videoincontent\" style=\"clear:both\";><\/div>","protected":false},"excerpt":{"rendered":"<p>ROMA (ITALPRESS) &#8211; Il piano annunciato da Trump &#8220;mi pare un importante passo in avanti, ha raccolto il consenso non solo di Netanyahu ma anche di tanti Paesi arabi. Questo significa che pu\u00f2 procedere nella direzione della pace, arrivare a un cessate il fuoco, alla liberazione degli ostaggi, il ritiro delle truppe israeliane e la [&hellip;]<\/p>\n","protected":false},"author":18,"featured_media":251166,"comment_status":"closed","ping_status":"closed","sticky":false,"template":"","format":"standard","meta":{"ub_ctt_via":"","_mi_skip_tracking":false},"categories":[446],"tags":[783],"featured_image_src":"https:\/\/www.messinaoggi.it\/website\/wp-content\/uploads\/2025\/09\/20250930_0702.jpg","author_info":{"display_name":"Admin","author_link":"https:\/\/www.messinaoggi.it\/website\/author\/admin\/"},"digistream_id":0,"digistream":false,"_links":{"self":[{"href":"https:\/\/www.messinaoggi.it\/website\/wp-json\/wp\/v2\/posts\/251165"}],"collection":[{"href":"https:\/\/www.messinaoggi.it\/website\/wp-json\/wp\/v2\/posts"}],"about":[{"href":"https:\/\/www.messinaoggi.it\/website\/wp-json\/wp\/v2\/types\/post"}],"author":[{"embeddable":true,"href":"https:\/\/www.messinaoggi.it\/website\/wp-json\/wp\/v2\/users\/18"}],"replies":[{"embeddable":true,"href":"https:\/\/www.messinaoggi.it\/website\/wp-json\/wp\/v2\/comments?post=251165"}],"version-history":[{"count":0,"href":"https:\/\/www.messinaoggi.it\/website\/wp-json\/wp\/v2\/posts\/251165\/revisions"}],"wp:featuredmedia":[{"embeddable":true,"href":"https:\/\/www.messinaoggi.it\/website\/wp-json\/wp\/v2\/media\/251166"}],"wp:attachment":[{"href":"https:\/\/www.messinaoggi.it\/website\/wp-json\/wp\/v2\/media?parent=251165"}],"wp:term":[{"taxonomy":"category","embeddable":true,"href":"https:\/\/www.messinaoggi.it\/website\/wp-json\/wp\/v2\/categories?post=251165"},{"taxonomy":"post_tag","embeddable":true,"href":"https:\/\/www.messinaoggi.it\/website\/wp-json\/wp\/v2\/tags?post=251165"}],"curies":[{"name":"wp","href":"https:\/\/api.w.org\/{rel}","templated":true}]}}