{"id":251103,"date":"2025-09-30T00:06:29","date_gmt":"2025-09-29T22:06:29","guid":{"rendered":"https:\/\/www.messinaoggi.it\/website\/2025\/09\/30\/la-dea-cerca-la-rivincita-col-bruges-juric-vincere-per-ripartire\/"},"modified":"2025-09-30T00:06:29","modified_gmt":"2025-09-29T22:06:29","slug":"la-dea-cerca-la-rivincita-col-bruges-juric-vincere-per-ripartire","status":"publish","type":"post","link":"https:\/\/www.messinaoggi.it\/website\/2025\/09\/30\/la-dea-cerca-la-rivincita-col-bruges-juric-vincere-per-ripartire\/","title":{"rendered":"La Dea cerca la rivincita col Bruges, Juric \u201cVincere per ripartire\u201d"},"content":{"rendered":"<div>BERGAMO (ITALPRESS) &#8211; <em><strong>&#8220;Domani sar\u00e0 una partita importante<\/strong>, anche pensando anche un p\u00f2 alla gara dello scorso anno e a come \u00e8 andata, cercheremo di vincere per riprendere il cammino nel girone&#8221;<\/em>. L<strong>&#8216;Atalanta<\/strong> cerca tre punti e la rivincita: a Bergamo, nella seconda giornata di <strong>Champions<\/strong>, arriva infatti il<strong> Bruges<\/strong> che nella scorsa edizione elimin\u00f2 a sorpresa i nerazzurri nei play-off.<div id=\"div-gpt-ad-Messinaoggi.it-DSK-300x250-corpoart\" style=\"text-align:center;margin:0 auto;\"><\/div><\/p>\n<p><strong> Ivan Juric<\/strong> all&#8217;epoca non era sulla panchina della Dea ma ricorda bene quel doppio confronto. <em>&#8220;Mi hanno impressionato, specialmente nella partita d&#8217;andata, poi nel ritorno \u00e8 andato tutto storto. Mi aspetto un Bruges cos\u00ec&#8221;<\/em>, il riferimento alla gara di domani. Alla quale l&#8217;Atalanta si presenta ancora in emergenza. &#8220;<em>Abbiamo problemi in difesa, ma siamo felici di come hanno risposto i giocatori che hanno giocato contro la Juventus. Dietro non recupereremo nessuno, vediamo la prossima, comunque la loro prestazione \u00e8 stata un grande segnale. Il mio sogno \u00e8 avere tutti a disposizione, puoi fare pi\u00f9 cambi. Speriamo dopo la sosta di avere una situazione diversa rispetto a oggi. <strong>Lookman ed Ederson? E&#8217; gi\u00e0 un po&#8217; di tempo che si allenano, o dopo o dall&#8217;inizio ho iniziato gi\u00e0 a pensarci, sappiamo che non saranno subito al 100%, ma voglio inserirli&#8221;.<\/strong><\/em><div id=\"videoincontent\" style=\"clear:both\";><\/div><\/p>\n<p>In porta di sicuro ci sar\u00e0 <strong>Marco Carnesecchi.<\/strong> &#8220;<em>Quello che abbiamo imparato dallo scorso anno \u00e8 che bisogna andare forte, mantenere alto il livello durante tutta la partita. Col Psg ne siamo usciti pi\u00f9 forti, quando giochi contro delle squadre cosi forti sicuramente impari ad alzare attenzione e personalit\u00e0, ci portiamo dietro tante cose buone&#8221;.<\/em> Per quanto riguarda il momento della Dea, &#8220;<em>siamo in una fase di mezzo dove stiamo cercando di capire le richieste di mister Juric<\/em> &#8211; ha aggiunto Carnesecchi -,<em> ma siamo a buon punto, ho la sensazione che siamo una squadra dura, difficile da affrontare. Abbiamo fatto un lavoro molto importante, ci vuole un periodo d&#8217;adattamento, ma sono molto felice&#8221;.<br \/>\n<\/em><br \/>\n&#8211; foto Ipa Agency &#8211;<br \/>\n(ITALPRESS).<\/div>\n","protected":false},"excerpt":{"rendered":"<p>BERGAMO (ITALPRESS) &#8211; &#8220;Domani sar\u00e0 una partita importante, anche pensando anche un p\u00f2 alla gara dello scorso anno e a come \u00e8 andata, cercheremo di vincere per riprendere il cammino nel girone&#8221;. L&#8216;Atalanta cerca tre punti e la rivincita: a Bergamo, nella seconda giornata di Champions, arriva infatti il Bruges che nella scorsa edizione elimin\u00f2 [&hellip;]<\/p>\n","protected":false},"author":18,"featured_media":251104,"comment_status":"closed","ping_status":"closed","sticky":false,"template":"","format":"standard","meta":{"ub_ctt_via":"","_mi_skip_tracking":false},"categories":[446],"tags":[783],"featured_image_src":"https:\/\/www.messinaoggi.it\/website\/wp-content\/uploads\/2025\/09\/20250929_2860.jpg","author_info":{"display_name":"Admin","author_link":"https:\/\/www.messinaoggi.it\/website\/author\/admin\/"},"digistream_id":0,"digistream":false,"_links":{"self":[{"href":"https:\/\/www.messinaoggi.it\/website\/wp-json\/wp\/v2\/posts\/251103"}],"collection":[{"href":"https:\/\/www.messinaoggi.it\/website\/wp-json\/wp\/v2\/posts"}],"about":[{"href":"https:\/\/www.messinaoggi.it\/website\/wp-json\/wp\/v2\/types\/post"}],"author":[{"embeddable":true,"href":"https:\/\/www.messinaoggi.it\/website\/wp-json\/wp\/v2\/users\/18"}],"replies":[{"embeddable":true,"href":"https:\/\/www.messinaoggi.it\/website\/wp-json\/wp\/v2\/comments?post=251103"}],"version-history":[{"count":0,"href":"https:\/\/www.messinaoggi.it\/website\/wp-json\/wp\/v2\/posts\/251103\/revisions"}],"wp:featuredmedia":[{"embeddable":true,"href":"https:\/\/www.messinaoggi.it\/website\/wp-json\/wp\/v2\/media\/251104"}],"wp:attachment":[{"href":"https:\/\/www.messinaoggi.it\/website\/wp-json\/wp\/v2\/media?parent=251103"}],"wp:term":[{"taxonomy":"category","embeddable":true,"href":"https:\/\/www.messinaoggi.it\/website\/wp-json\/wp\/v2\/categories?post=251103"},{"taxonomy":"post_tag","embeddable":true,"href":"https:\/\/www.messinaoggi.it\/website\/wp-json\/wp\/v2\/tags?post=251103"}],"curies":[{"name":"wp","href":"https:\/\/api.w.org\/{rel}","templated":true}]}}