{"id":251085,"date":"2025-09-29T19:06:37","date_gmt":"2025-09-29T17:06:37","guid":{"rendered":"https:\/\/www.messinaoggi.it\/website\/2025\/09\/29\/il-centro-della-fondazione-tog-apre-le-porte-alla-citta-di-milano\/"},"modified":"2025-09-29T19:06:37","modified_gmt":"2025-09-29T17:06:37","slug":"il-centro-della-fondazione-tog-apre-le-porte-alla-citta-di-milano","status":"publish","type":"post","link":"https:\/\/www.messinaoggi.it\/website\/2025\/09\/29\/il-centro-della-fondazione-tog-apre-le-porte-alla-citta-di-milano\/","title":{"rendered":"Il Centro della Fondazione TOG apre le porte alla citt\u00e0 di Milano"},"content":{"rendered":"<div>MILANO (ITALPRESS) &#8211; Domenica 28 settembre il Centro TOG Carlo De Benedetti di via Livigno 1 a Milano ha aperto le sue porte a tutta la cittadinanza per &#8220;Open TOG&#8221;. Una giornata in cui, tra laboratori, lettura animate, musica e aperitivo, \u00e8 stato possibile vedere da vicino il lavoro della Fondazione TOG &#8211; Together To Go, che si prende cura di oltre 120 bambini e ragazzi con patologie neurologiche complesse attraverso percorsi riabilitativi personalizzati.<br \/>La presidente Emmanuelle de Villepin e il segretario generale Antonia Madella Noja hanno fatto il punto sulle novit\u00e0 e i progetti in corso, a due anni dall&#8217;apertura del Centro. Dopo un video con i saluti di Paolo Bonassi, Chief Social Impact Officer di Intesa Sanpaolo, Andrea Forghieri, Executive Director di Intesa Sanpaolo per il Sociale, ha ribadito il sostegno della banca al progetto.<br \/>Nel corso dell&#8217;evento, infatti sono stati anche raccontati gli sviluppi della seconda fase del progetto TOG Lavoro, sviluppato in collaborazione con Intesa Sanpaolo attraverso Intesa Sanpaolo per il Sociale, che prosegue nell&#8217;accompagnare i ragazzi pi\u00f9 grandi in percorsi di orientamento e inserimento lavorativo. Avviato nel 2024, TOG Lavoro ha gi\u00e0 coinvolto cinque ragazzi in attivit\u00e0 formative e lavorative all&#8217;interno del Centro TOG, attraverso percorsi personalizzati costruiti sulle loro attitudini e interessi. La seconda fase del progetto punta a rafforzare e ampliare le opportunit\u00e0, attraverso la creazione di momenti strutturati di formazione professionale, il coinvolgimento diretto delle famiglie in percorsi di accompagnamento verso l&#8217;autonomia, e la costruzione di collaborazioni con aziende sensibili al tema dell&#8217;inclusione. Il progetto si propone cos\u00ec di diventare un modello innovativo e replicabile di integrazione socio-lavorativa per giovani con disabilit\u00e0.<br \/>Un ricco programma di attivit\u00e0 ha coinvolto le famiglie, permettendo loro di conoscere i progetti della Fondazione, visitare la struttura e sperimentare in prima persona alcune delle pi\u00f9 moderne tecnologie applicate alla riabilitazione di bambini e ragazzi.<br \/>Inaugurato nell&#8217;ottobre del 2023, il nuovo Centro TOG ha sostituito la precedente struttura in via Famagosta, ampliandone la capacit\u00e0 e i servizi: oggi la Fondazione segue 123 pazienti e offre oltre 10.000 ore di terapie all&#8217;anno. In un grande polo integrato e all&#8217;avanguardia tecnologica le famiglie possono contare gratuitamente su una presa in carico globale, che comprende cura e riabilitazione altamente specializzate, ma anche l&#8217;accompagnamento educativo nel percorso scolastico e, per i pi\u00f9 grandi, la preparazione alla vita professionale e indipendente.<br \/>Tra gli spazi che \u00e8 stato possibile visitare durante l&#8217;Open Day anche la stanza immersiva Ulisse, un ambiente di 24 metri quadri interamente trasformato in un&#8217;esperienza multisensoriale: grazie a sei videoproiettori, un sistema audio avanzato e tecnologie di motion tracking, sulle pareti e sul pavimento scorrono scenari suggestivi con cui i bambini possono interagire, stimolando le abilit\u00e0 motorie e cognitive. Nel corso dei primi mesi del 2025 all&#8217;ambientazione tra i fondali marini se ne sono affiancate altre: i piccoli pazienti hanno potuto esplorare una giungla animata, scoprire animali nascosti tra i rami, osservare farfalle volare al semplice gesto di una mano. Ogni elemento \u00e8 studiato per coinvolgere e sorprendere, rendendo la terapia un viaggio emozionante e partecipato.<br \/>Un altro progetto che \u00e8 stato possibile conoscere da vicino \u00e8 la tecnologia di eye-tracking, potenziata grazie al sostegno di Moncler. Oltre all&#8217;attivazione di un dispositivo di ultima generazione &#8211; Tobii Dynavox Serie I, portatile, potente e facilmente adattabile a diversi ambienti, anche all&#8217;aperto &#8211; il supporto dell&#8217;azienda ha permesso l&#8217;acquisto di quattro ulteriori puntatori oculari, da mettere a disposizione delle famiglie anche per l&#8217;uso a domicilio. Questa tecnologia permette ai bambini con disabilit\u00e0 motorie e linguistiche di esprimere bisogni, desideri o emozioni &#8211; come dire &#8220;ho fame&#8221; o &#8220;ti voglio bene&#8221; &#8211; ma anche di giocare e imparare, navigando in autonomia tra simboli, immagini e contenuti educativi e interagendo in modo attivo con il mondo che li circonda. Un piccolo movimento degli occhi pu\u00f2 cos\u00ec diventare uno strumento di relazione, apprendimento e crescita, contribuendo a sviluppare competenze cognitive, motivazione e fiducia in s\u00e8.<br \/>Uno dei momenti centrali dell&#8217;Open Day \u00e8 stato la presentazione ufficiale di &#8220;Luce&#8221;, un brano nato dall&#8217;incontro tra arte e cura, tra la sensibilit\u00e0 di un musicista e l&#8217;espressivit\u00e0 unica dei bambini di TOG. Il progetto, ideato e realizzato da due terapiste della Fondazione in collaborazione con il pianista e compositore Alessandro Martire, \u00e8 il risultato di un percorso di musicoterapia profonda e partecipata, che ha coinvolto bambini con disabilit\u00e0 motorie, cognitive e linguistiche molto gravi che fanno quindi molta fatica a comunicare nel quotidiano. Vocalizzi, suoni e pause sono stati registrati, intrecciati e trasformati in una composizione originale, dove le note del pianoforte si fondono con le voci, allo stesso tempo fragili e potenti, dei bambini. Questo progetto rientra nel programma TOG Cultura che beneficia del sostegno di Fondazione BPM.<br \/>In occasione dell&#8217;Open Day \u00e8 stato presentato anche il progetto sviluppato insieme a Golden Goose, che consiste nella creazione di sneaker adatte a bambini che necessitano di plantari o ortesi.<br \/>Le sneaker sono state sviluppate ad hoc grazie alla collaborazione tra i terapisti TOG, il FabLab del Centro e la Golden Goose Academy, l&#8217;accademia di formazione, con sede a Marghera, rivolta ad una nuova generazione di talenti creativi e artigiani. Le sneaker verranno donate a tutti i bambini della Fondazione TOG che ne necessitano; un impegno che unisce design, funzionalit\u00e0 ed inclusione.<div id=\"div-gpt-ad-Messinaoggi.it-DSK-300x250-corpoart\" style=\"text-align:center;margin:0 auto;\"><\/div><\/p>\n<p>&#8211; Foto ufficio stampa Intesa Sanpaolo &#8211;<div id=\"videoincontent\" style=\"clear:both\";><\/div><\/p>\n<p>(ITALPRESS).<\/p><\/div>\n","protected":false},"excerpt":{"rendered":"<p>MILANO (ITALPRESS) &#8211; Domenica 28 settembre il Centro TOG Carlo De Benedetti di via Livigno 1 a Milano ha aperto le sue porte a tutta la cittadinanza per &#8220;Open TOG&#8221;. Una giornata in cui, tra laboratori, lettura animate, musica e aperitivo, \u00e8 stato possibile vedere da vicino il lavoro della Fondazione TOG &#8211; Together To [&hellip;]<\/p>\n","protected":false},"author":18,"featured_media":251086,"comment_status":"closed","ping_status":"closed","sticky":false,"template":"","format":"standard","meta":{"ub_ctt_via":"","_mi_skip_tracking":false},"categories":[446],"tags":[783],"featured_image_src":"https:\/\/www.messinaoggi.it\/website\/wp-content\/uploads\/2025\/09\/20250929_2059.jpg","author_info":{"display_name":"Admin","author_link":"https:\/\/www.messinaoggi.it\/website\/author\/admin\/"},"digistream_id":0,"digistream":false,"_links":{"self":[{"href":"https:\/\/www.messinaoggi.it\/website\/wp-json\/wp\/v2\/posts\/251085"}],"collection":[{"href":"https:\/\/www.messinaoggi.it\/website\/wp-json\/wp\/v2\/posts"}],"about":[{"href":"https:\/\/www.messinaoggi.it\/website\/wp-json\/wp\/v2\/types\/post"}],"author":[{"embeddable":true,"href":"https:\/\/www.messinaoggi.it\/website\/wp-json\/wp\/v2\/users\/18"}],"replies":[{"embeddable":true,"href":"https:\/\/www.messinaoggi.it\/website\/wp-json\/wp\/v2\/comments?post=251085"}],"version-history":[{"count":0,"href":"https:\/\/www.messinaoggi.it\/website\/wp-json\/wp\/v2\/posts\/251085\/revisions"}],"wp:featuredmedia":[{"embeddable":true,"href":"https:\/\/www.messinaoggi.it\/website\/wp-json\/wp\/v2\/media\/251086"}],"wp:attachment":[{"href":"https:\/\/www.messinaoggi.it\/website\/wp-json\/wp\/v2\/media?parent=251085"}],"wp:term":[{"taxonomy":"category","embeddable":true,"href":"https:\/\/www.messinaoggi.it\/website\/wp-json\/wp\/v2\/categories?post=251085"},{"taxonomy":"post_tag","embeddable":true,"href":"https:\/\/www.messinaoggi.it\/website\/wp-json\/wp\/v2\/tags?post=251085"}],"curies":[{"name":"wp","href":"https:\/\/api.w.org\/{rel}","templated":true}]}}