{"id":251079,"date":"2025-09-29T17:06:31","date_gmt":"2025-09-29T15:06:31","guid":{"rendered":"https:\/\/www.messinaoggi.it\/website\/2025\/09\/29\/lupi-puntiamo-a-unire-i-moderati-e-ricostruire-il-centro\/"},"modified":"2025-09-29T17:06:31","modified_gmt":"2025-09-29T15:06:31","slug":"lupi-puntiamo-a-unire-i-moderati-e-ricostruire-il-centro","status":"publish","type":"post","link":"https:\/\/www.messinaoggi.it\/website\/2025\/09\/29\/lupi-puntiamo-a-unire-i-moderati-e-ricostruire-il-centro\/","title":{"rendered":"Lupi \u201cPuntiamo a unire i moderati e ricostruire il centro\u201d"},"content":{"rendered":"<div>ROMA (ITALPRESS) &#8211; &#8220;Ogni voto \u00e8 un test politico. Questa volta, nonostante non si sia riusciti a fare un election day, cosa che secondo me \u00e8 un errore, si vota in sette regioni italiane. Ma il test politico riguarda in particolare i governatori uscenti. Per noi che governiamo nelle Marche, Calabria e Veneto, \u00e8 evidente che la riconferma di queste presidenze sarebbe una conferma ulteriore che il buon governo \u00e8 la caratteristica fondamentale del centrodestra&#8221;. Cos\u00ec il presidente di Noi Moderati, Maurizio Lupi, in un&#8217;intervista a Claudio Brachino per la rubrica Primo Piano dell&#8217;agenzia Italpress. &#8220;Lo dico sempre anche ai miei alleati &#8211; ha proseguito -. La sfida \u00e8 sempre per il governo, mai dividersi. Quando i cittadini ti danno la fiducia, deve essere misurato sul governo e sulla capacit\u00e0 di dare risposte concrete. Mi sembra che lo stiamo facendo e si vedono i risultati e anche nei governi regionali. Per noi, quindi, la conferma di queste tre regioni sarebbe una conferma importante politica&#8221;. Intanto, in vista delle prossime elezioni politiche del 2027, &#8220;ogni singolo partito, anche di una coalizione, cerca di dare il proprio peso, la propria visione. E&#8217; assolutamente legittimo ma a una condizione: quando si governa pensare di dividersi o smarcarsi non funziona perch\u00e8 si perde e si vince insieme &#8211; ha ribadito Lupi -. Noi Moderati \u00e8 la quarta proposta politica del centrodestra e piaccia o non piaccia, il tavolo \u00e8 fatto di quattro gambe. Vogliamo rafforzare quel pezzo di elettorato moderato che non c&#8217;\u00e8 pi\u00f9, che non si sente pi\u00f9 rappresentato&#8221; rivolgendoci a &#8220;quei 9 milioni di italiani moderati che non vanno pi\u00f9 votare&#8221;. <br \/>Il Partito Popolare Europeo rimane &#8220;il punto di riferimento. Forza Italia ha la sua storia, ha la sua battaglia, ma non riesce a raggiungere tutti gli elettori moderati che da sempre votano o si riconoscono nelle idee del centro. Noi vogliamo fare proprio questo&#8221;. Per quanto riguarda la prossima manovra finanziaria, Lupi ha illustrato le proposte del partito che poi &#8220;dovranno essere viste insieme in una sintesi della maggioranza&#8221;. Le priorit\u00e0 riguardano misure a favore dei giovani, i salari, le imprese, e la famiglia. &#8220;L&#8217;obiettivo &#8211; ha evidenziato Lupi &#8211; deve essere quello di concentrare le risorse, di non disperderle perch\u00e8 altrimenti noi si va da nessuna parte&#8221;. Una manovra che deve servire &#8220;per rilanciare l&#8217;economia, non una legge che la fermi. I nostri principi cardine andranno avanti e li diclineremo nel miglior modo possibile&#8221;. <br \/>Spostando infine l&#8217;attenzione ai conflitti internazionali, Lupi ha sottolineato come quello tra Israele e Hamas sia ormai &#8220;una strage, non un genocidio&#8221;, e per questo &#8220;bisogna fermarsi e bisogna aprire la via diplomatica&#8221;. E riguardo la missione umanitaria Sumud Flotilla, pur riconoscendo come &#8220;lo scopo sia assolutamente nobile&#8221;, ha sottolineato come &#8220;a un certo punto bisogna essere responsabili. In un momento come questo, serve anche il coraggio di fermarsi, di fare un passo indietro. Accogliere l&#8217;appello del Presidente della Repubblica mi sembra un gesto di coraggio, non di codardia, perch\u00e8 quando entri in acque di guerra poi alla fine inizi anche a far venire meno la forza del tuo progetto e la bont\u00e0 del tuo scopo&#8221;. <br \/>Sull&#8217;altro versante, quello Russo-Ucraino, la recente minaccia di uno sconfinamento dei droni di Mosca nei cieli europei, per Lupi sarebbe &#8220;una provocazione che arriva non a caso&#8221;, una &#8220;strategia complessiva per tenere alta la tensione. Putin ha dimostrato che non vuole la pace e quindi questi sconfinamenti dei droni servono ad aumentare la tensione&#8221; anche se, ha ricordato, &#8220;mai sottovalutare i rischi&#8221; perch\u00e8 prima delle invasioni dell&#8217;Ucraina &#8220;c&#8217;erano le esercitazioni&#8221;, e poi le armate russe hanno invaso l&#8217;Ucraina. &#8220;Io non vedo una minaccia cos\u00ec vicina, ma non posso neanche pensare che si possa sottovalutata&#8221;, ha concluso.<div id=\"div-gpt-ad-Messinaoggi.it-DSK-300x250-corpoart\" style=\"text-align:center;margin:0 auto;\"><\/div><\/p>\n<p> &#8211; Foto Italpress &#8211;<br \/>(ITALPRESS).<\/div>\n<div id=\"videoincontent\" style=\"clear:both\";><\/div>","protected":false},"excerpt":{"rendered":"<p>ROMA (ITALPRESS) &#8211; &#8220;Ogni voto \u00e8 un test politico. Questa volta, nonostante non si sia riusciti a fare un election day, cosa che secondo me \u00e8 un errore, si vota in sette regioni italiane. Ma il test politico riguarda in particolare i governatori uscenti. Per noi che governiamo nelle Marche, Calabria e Veneto, \u00e8 evidente [&hellip;]<\/p>\n","protected":false},"author":18,"featured_media":251080,"comment_status":"closed","ping_status":"closed","sticky":false,"template":"","format":"standard","meta":{"ub_ctt_via":"","_mi_skip_tracking":false},"categories":[446],"tags":[783],"featured_image_src":"https:\/\/www.messinaoggi.it\/website\/wp-content\/uploads\/2025\/09\/20250929_1733.jpg","author_info":{"display_name":"Admin","author_link":"https:\/\/www.messinaoggi.it\/website\/author\/admin\/"},"digistream_id":0,"digistream":false,"_links":{"self":[{"href":"https:\/\/www.messinaoggi.it\/website\/wp-json\/wp\/v2\/posts\/251079"}],"collection":[{"href":"https:\/\/www.messinaoggi.it\/website\/wp-json\/wp\/v2\/posts"}],"about":[{"href":"https:\/\/www.messinaoggi.it\/website\/wp-json\/wp\/v2\/types\/post"}],"author":[{"embeddable":true,"href":"https:\/\/www.messinaoggi.it\/website\/wp-json\/wp\/v2\/users\/18"}],"replies":[{"embeddable":true,"href":"https:\/\/www.messinaoggi.it\/website\/wp-json\/wp\/v2\/comments?post=251079"}],"version-history":[{"count":0,"href":"https:\/\/www.messinaoggi.it\/website\/wp-json\/wp\/v2\/posts\/251079\/revisions"}],"wp:featuredmedia":[{"embeddable":true,"href":"https:\/\/www.messinaoggi.it\/website\/wp-json\/wp\/v2\/media\/251080"}],"wp:attachment":[{"href":"https:\/\/www.messinaoggi.it\/website\/wp-json\/wp\/v2\/media?parent=251079"}],"wp:term":[{"taxonomy":"category","embeddable":true,"href":"https:\/\/www.messinaoggi.it\/website\/wp-json\/wp\/v2\/categories?post=251079"},{"taxonomy":"post_tag","embeddable":true,"href":"https:\/\/www.messinaoggi.it\/website\/wp-json\/wp\/v2\/tags?post=251079"}],"curies":[{"name":"wp","href":"https:\/\/api.w.org\/{rel}","templated":true}]}}