{"id":251071,"date":"2025-09-29T15:06:28","date_gmt":"2025-09-29T13:06:28","guid":{"rendered":"https:\/\/www.messinaoggi.it\/website\/2025\/09\/29\/urso-il-dossier-auto-e-strategico-leuropa-deve-agire\/"},"modified":"2025-09-29T15:06:28","modified_gmt":"2025-09-29T13:06:28","slug":"urso-il-dossier-auto-e-strategico-leuropa-deve-agire","status":"publish","type":"post","link":"https:\/\/www.messinaoggi.it\/website\/2025\/09\/29\/urso-il-dossier-auto-e-strategico-leuropa-deve-agire\/","title":{"rendered":"Urso \u201cIl dossier auto \u00e8 strategico, l\u2019Europa deve agire\u201d"},"content":{"rendered":"<div>ROMA (ITALPRESS) &#8211; <em>&#8220;Sul dossier auto l&#8217;Italia ha posto fin dall&#8217;inizio, con forza e coerenza, la necessit\u00e0 di rivedere le regole del Green Deal. Da tre anni chiediamo all&#8217;Europa di agire, dall&#8217;inizio della legislatura. Un anno fa con un &#8216;non paper&#8217; abbiamo chiesto di rimuovere l&#8217;ostacolo delle super-multe e di anticipare la revisione del regolamento CO2 a questo trimestre: entrambi obiettivi raggiunti. Ora per\u00f2 non \u00e8 pi\u00f9 tempo di discussioni o di rinvii: bisogna decidere subito e farlo con chiarezza&#8221;.<\/em> Cos\u00ec il <strong>ministro delle Imprese e del Made in Italy, Adolfo Urso<\/strong>, intervenendo a Bruxelles nel dibattito sul Dialogo strategico sull&#8217;automotive al Consiglio Competitivit\u00e0.<div id=\"div-gpt-ad-Messinaoggi.it-DSK-300x250-corpoart\" style=\"text-align:center;margin:0 auto;\"><\/div><\/p>\n<p>Richiamando la centralit\u00e0 della filiera, Urso ha evidenziato che <em>&#8220;il dossier delle auto \u00e8 un dossier strategico perch\u00e8 l&#8217;industria automobilistica \u00e8 la prima industria europea&#8221;<\/em>, ricordando come il settore rappresenti un pilastro dell&#8217;economia, da cui dipendono milioni di posti di lavoro. Ha poi ribadito la necessit\u00e0 di un approccio pragmatico che dia risposte puntuali per auto, veicoli leggeri, pesanti e flotte aziendali. U<div id=\"videoincontent\" style=\"clear:both\";><\/div><\/p>\n<p>rso ha quindi sottolineato che il futuro dell&#8217;auto europea passa da neutralit\u00e0 tecnologica e flessibilit\u00e0: <em><strong>&#8220;Non possiamo passare dalla dipendenza energetica dalla Russia a una dipendenza tecnologica con altri paesi.<\/strong> Occorre garantire che le batterie elettriche siano prodotte in Europa, con tecnologia sotto il nostro controllo per assicurare la resilienza del nostro Continente e difendere la libert\u00e0 di impresa rispetto alle minacce che incombono&#8221;.<\/em> Secondo Urso <em><strong>&#8220;il settore dell&#8217;auto sta collassando in Europa<\/strong>: ogni giorno si annunciano chiusure di stabilimenti e migliaia di licenziamenti nell&#8217;intera filiera. E&#8217; fondamentale affrontare con realismo, senza paraocchi ideologici ma con flessibilit\u00e0 e pragmatismo, quello di cui necessita la nostra Europa&#8221;.<\/em><\/p>\n<p>&#8211; Foto: Ipa Agency &#8211;<br \/>\n(ITALPRESS).<\/p><\/div>\n","protected":false},"excerpt":{"rendered":"<p>ROMA (ITALPRESS) &#8211; &#8220;Sul dossier auto l&#8217;Italia ha posto fin dall&#8217;inizio, con forza e coerenza, la necessit\u00e0 di rivedere le regole del Green Deal. Da tre anni chiediamo all&#8217;Europa di agire, dall&#8217;inizio della legislatura. Un anno fa con un &#8216;non paper&#8217; abbiamo chiesto di rimuovere l&#8217;ostacolo delle super-multe e di anticipare la revisione del regolamento [&hellip;]<\/p>\n","protected":false},"author":18,"featured_media":251072,"comment_status":"closed","ping_status":"closed","sticky":false,"template":"","format":"standard","meta":{"ub_ctt_via":"","_mi_skip_tracking":false},"categories":[446],"tags":[783],"featured_image_src":"https:\/\/www.messinaoggi.it\/website\/wp-content\/uploads\/2025\/09\/20250929_1083.jpg","author_info":{"display_name":"Admin","author_link":"https:\/\/www.messinaoggi.it\/website\/author\/admin\/"},"digistream_id":0,"digistream":false,"_links":{"self":[{"href":"https:\/\/www.messinaoggi.it\/website\/wp-json\/wp\/v2\/posts\/251071"}],"collection":[{"href":"https:\/\/www.messinaoggi.it\/website\/wp-json\/wp\/v2\/posts"}],"about":[{"href":"https:\/\/www.messinaoggi.it\/website\/wp-json\/wp\/v2\/types\/post"}],"author":[{"embeddable":true,"href":"https:\/\/www.messinaoggi.it\/website\/wp-json\/wp\/v2\/users\/18"}],"replies":[{"embeddable":true,"href":"https:\/\/www.messinaoggi.it\/website\/wp-json\/wp\/v2\/comments?post=251071"}],"version-history":[{"count":0,"href":"https:\/\/www.messinaoggi.it\/website\/wp-json\/wp\/v2\/posts\/251071\/revisions"}],"wp:featuredmedia":[{"embeddable":true,"href":"https:\/\/www.messinaoggi.it\/website\/wp-json\/wp\/v2\/media\/251072"}],"wp:attachment":[{"href":"https:\/\/www.messinaoggi.it\/website\/wp-json\/wp\/v2\/media?parent=251071"}],"wp:term":[{"taxonomy":"category","embeddable":true,"href":"https:\/\/www.messinaoggi.it\/website\/wp-json\/wp\/v2\/categories?post=251071"},{"taxonomy":"post_tag","embeddable":true,"href":"https:\/\/www.messinaoggi.it\/website\/wp-json\/wp\/v2\/tags?post=251071"}],"curies":[{"name":"wp","href":"https:\/\/api.w.org\/{rel}","templated":true}]}}