{"id":251060,"date":"2025-09-29T13:45:06","date_gmt":"2025-09-29T11:45:06","guid":{"rendered":"http:\/\/www.messinaoggi.it\/website\/?p=251060"},"modified":"2025-09-29T13:45:16","modified_gmt":"2025-09-29T11:45:16","slug":"il-pd-perde-pezzi-rella-e-finocchiaro-scelgono-cintrocorrente-di-la-vardera","status":"publish","type":"post","link":"https:\/\/www.messinaoggi.it\/website\/2025\/09\/29\/il-pd-perde-pezzi-rella-e-finocchiaro-scelgono-cintrocorrente-di-la-vardera\/","title":{"rendered":"Il PD perde pezzi, Rella e Finocchiaro scelgono Controcorrente di La Vardera"},"content":{"rendered":"\n<p>\u00c8 ufficiale: <strong>Maurizio Rella<\/strong>, ex consigliere comunale ed ex membro del coordinamento provinc\u00ecale PD, e <strong>Lucia Finocchiaro<\/strong>, gi\u00e0 membro della direzione regionale del Partito Democratico, hanno annunciato la loro adesione al movimento <strong>Controcorrente<\/strong>, fondato dal deputato regionale <strong>Ismaele La Vardera<\/strong>. <div id=\"div-gpt-ad-Messinaoggi.it-DSK-300x250-corpoart\" style=\"text-align:center;margin:0 auto;\"><\/div><\/p>\n\n\n\n<p>La mossa arriva in un momento politico caldo, con le prossime amministrative e regionali all\u2019orizzonte. <div id=\"videoincontent\" style=\"clear:both\";><\/div><\/p>\n\n\n\n<h2>Le ragioni dell\u2019addio al PD<\/h2>\n\n\n\n<p>Rella e Finocchiaro motivano la scelta con una profonda insoddisfazione verso il PD locale: \u00abIl Pd di Messina \u00e8 paralizzato al suo interno e non incarna alcuna alternativa\u00bb dichiarano, riferendosi alla mancanza di una leadership incisiva e al distacco dalle esigenze delle periferie. <\/p>\n\n\n\n<p>Finocchiaro aggiunge che la scelta \u00e8 maturata anche per l\u2019assenza di spazi di opposizione reale: \u00abIn questa citt\u00e0 l\u2019opposizione \u00e8 frenata e assente dalle periferie. Il PD qui non esiste come voce credibile\u00bb, ha affermato, motivando il passaggio a una formazione che promette maggiore incisivit\u00e0 politica.<\/p>\n\n\n\n<h2>Le parole di La Vardera<\/h2>\n\n\n\n<p>Per il leader del movimento, l\u2019ingresso di Rella e Finocchiaro rappresenta un \u201cinnesto importante\u201d per rafforzare il progetto politico su Messina. La Vardera afferma che il nuovo assetto permetter\u00e0 di \u201crappresentare una alternativa libera e concreta\u201d, strutturando liste per le tornate elettorali cittadine e regionali. <\/p>\n\n\n\n<h2>Scenari futuri<\/h2>\n\n\n\n<p>Tra gli obiettivi annunciati:<\/p>\n\n\n\n<ul><li>Partecipazione con una propria lista nelle elezioni comunali di Messina<\/li><li>Presenza nel panorama regionale con la candidatura a sostegno di Controcorrente<\/li><li>Ricerca di un\u2019identit\u00e0 politica che trascenda la dicotomia destra-sinistra, puntando sui temi reali delle comunit\u00e0 localiLe sfide interne<\/li><\/ul>\n\n\n\n<p>La nuova formazione dovr\u00e0 affrontare diverse incognite:<\/p>\n\n\n\n<ul><li>Cementare l\u2019adesione di altri esponenti, specie nei quartieri<\/li><li>Definire una linea programmatica coerente e credibile<\/li><li>Convincere gli elettori disillusi che Controcorrente non \u00e8 solo uno strumento di rottura, ma un progetto con radici nel territorio<\/li><\/ul>\n\n\n\n<p>In definitiva, l\u2019ingresso di Rella e Finocchiaro segna un\u2019accelerazione per il movimento a Messina e indica che il panorama politico locale \u00e8 sempre pi\u00f9 in fermento.<\/p>\n","protected":false},"excerpt":{"rendered":"<p>\u00c8 ufficiale: Maurizio Rella, ex consigliere comunale ed ex membro del coordinamento provinc\u00ecale PD, e Lucia Finocchiaro, gi\u00e0 membro della direzione regionale del Partito Democratico, hanno annunciato la loro adesione al movimento Controcorrente, fondato dal deputato regionale Ismaele La Vardera. La mossa arriva in un momento politico caldo, con le prossime amministrative e regionali all\u2019orizzonte. [&hellip;]<\/p>\n","protected":false},"author":15,"featured_media":251067,"comment_status":"open","ping_status":"open","sticky":false,"template":"","format":"standard","meta":{"ub_ctt_via":"","_mi_skip_tracking":false},"categories":[4,6],"tags":[4925,4307,11700,4662],"featured_image_src":"https:\/\/www.messinaoggi.it\/website\/wp-content\/uploads\/2025\/09\/Screenshot_20250929_134411_Facebook.jpg","author_info":{"display_name":"red.me","author_link":"https:\/\/www.messinaoggi.it\/website\/author\/red-me\/"},"digistream_id":0,"digistream":false,"_links":{"self":[{"href":"https:\/\/www.messinaoggi.it\/website\/wp-json\/wp\/v2\/posts\/251060"}],"collection":[{"href":"https:\/\/www.messinaoggi.it\/website\/wp-json\/wp\/v2\/posts"}],"about":[{"href":"https:\/\/www.messinaoggi.it\/website\/wp-json\/wp\/v2\/types\/post"}],"author":[{"embeddable":true,"href":"https:\/\/www.messinaoggi.it\/website\/wp-json\/wp\/v2\/users\/15"}],"replies":[{"embeddable":true,"href":"https:\/\/www.messinaoggi.it\/website\/wp-json\/wp\/v2\/comments?post=251060"}],"version-history":[{"count":7,"href":"https:\/\/www.messinaoggi.it\/website\/wp-json\/wp\/v2\/posts\/251060\/revisions"}],"predecessor-version":[{"id":251068,"href":"https:\/\/www.messinaoggi.it\/website\/wp-json\/wp\/v2\/posts\/251060\/revisions\/251068"}],"wp:featuredmedia":[{"embeddable":true,"href":"https:\/\/www.messinaoggi.it\/website\/wp-json\/wp\/v2\/media\/251067"}],"wp:attachment":[{"href":"https:\/\/www.messinaoggi.it\/website\/wp-json\/wp\/v2\/media?parent=251060"}],"wp:term":[{"taxonomy":"category","embeddable":true,"href":"https:\/\/www.messinaoggi.it\/website\/wp-json\/wp\/v2\/categories?post=251060"},{"taxonomy":"post_tag","embeddable":true,"href":"https:\/\/www.messinaoggi.it\/website\/wp-json\/wp\/v2\/tags?post=251060"}],"curies":[{"name":"wp","href":"https:\/\/api.w.org\/{rel}","templated":true}]}}