{"id":251033,"date":"2025-09-29T12:49:24","date_gmt":"2025-09-29T10:49:24","guid":{"rendered":"http:\/\/www.messinaoggi.it\/website\/?p=251033"},"modified":"2025-09-29T12:50:52","modified_gmt":"2025-09-29T10:50:52","slug":"azione-la-morte-della-dottoressa-carta-e-il-simbolo-di-un-sistema-che-sacrifica-i-medici-di-famiglia","status":"publish","type":"post","link":"https:\/\/www.messinaoggi.it\/website\/2025\/09\/29\/azione-la-morte-della-dottoressa-carta-e-il-simbolo-di-un-sistema-che-sacrifica-i-medici-di-famiglia\/","title":{"rendered":"Azione: \u201cLa morte della dottoressa Carta \u00e8 il simbolo di un sistema che sacrifica i medici di famiglia\u201d"},"content":{"rendered":"\n<p>&#8220;La scomparsa della dottoressa <strong>Maddalena Carta<\/strong>, medico di base in Sardegna, scuote il dibattito politico e mette a nudo le falle della sanit\u00e0 territoriale italiana&#8221;. A denunciarlo sono <strong>Fabrizio Zingales<\/strong>, segretario cittadino di Azione Barcellona, ed <strong>Emilio Puglisi Allegra<\/strong>, vice segretario provinciale di Messina, entrambi medici di medicina generale.<div id=\"div-gpt-ad-Messinaoggi.it-DSK-300x250-corpoart\" style=\"text-align:center;margin:0 auto;\"><\/div><\/p>\n\n\n\n<p>Secondo i rappresentanti di Azione, la vicenda di Carta \u2013 che seguiva da sola oltre 5.000 pazienti \u2013 \u00e8 \u201clo specchio impietoso di un sistema che da troppi anni scarica sulle spalle dei medici di famiglia il peso delle sue falle\u201d.<div id=\"videoincontent\" style=\"clear:both\";><\/div><\/p>\n\n\n\n<figure class=\"wp-block-image size-large is-resized\"><img loading=\"lazy\" src=\"http:\/\/www.messinaoggi.it\/website\/wp-content\/uploads\/2025\/09\/IMG-20250927-WA0017-890x1024.jpg\" alt=\"\" class=\"wp-image-251037\" width=\"601\" height=\"691\" srcset=\"https:\/\/www.messinaoggi.it\/website\/wp-content\/uploads\/2025\/09\/IMG-20250927-WA0017-890x1024.jpg 890w, https:\/\/www.messinaoggi.it\/website\/wp-content\/uploads\/2025\/09\/IMG-20250927-WA0017-261x300.jpg 261w, https:\/\/www.messinaoggi.it\/website\/wp-content\/uploads\/2025\/09\/IMG-20250927-WA0017-768x883.jpg 768w, https:\/\/www.messinaoggi.it\/website\/wp-content\/uploads\/2025\/09\/IMG-20250927-WA0017.jpg 998w\" sizes=\"(max-width: 601px) 100vw, 601px\" \/><figcaption>Fabrizio Zingales<\/figcaption><\/figure>\n\n\n\n<h2>\u201cMedici tuttofare, senza tutele\u201d<\/h2>\n\n\n\n<p>Il comunicato sottolinea come i medici di base siano stati trasformati nel \u201ctuttofare del Servizio sanitario nazionale\u201d: incaricati di una mole di responsabilit\u00e0 e doveri, ma senza le garanzie riservate a un normale dipendente.<\/p>\n\n\n\n<p>\u201cFerie, malattia, sicurezza \u2013 scrivono Zingales e Puglisi Allegra \u2013 sono diritti elementari che a noi vengono negati, come se fossero privilegi. Solo ai medici di famiglia sembra concesso lavorare fino a cadere, senza limiti, senza protezioni, senza sostegno\u201d.<\/p>\n\n\n\n<h2>Una disparit\u00e0 che mette a rischio tutti<\/h2>\n\n\n\n<p>Azione denuncia una \u201cdisparit\u00e0 intollerabile\u201d, che mette a rischio la vita stessa dei professionisti e, di conseguenza, la salute dei cittadini che assistono. <\/p>\n\n\n\n<p>\u201cIn ogni settore la sicurezza del lavoratore \u00e8 considerata sacra. Solo nella medicina generale si legittima un modello che consuma i medici fino allo stremo, coprendosi dietro la retorica della vocazione e della missione\u201d.<\/p>\n\n\n\n<figure class=\"wp-block-image size-large\"><img loading=\"lazy\" width=\"515\" height=\"1024\" src=\"http:\/\/www.messinaoggi.it\/website\/wp-content\/uploads\/2025\/09\/IMG-20250927-WA0018-515x1024.jpg\" alt=\"\" class=\"wp-image-251038\" srcset=\"https:\/\/www.messinaoggi.it\/website\/wp-content\/uploads\/2025\/09\/IMG-20250927-WA0018-515x1024.jpg 515w, https:\/\/www.messinaoggi.it\/website\/wp-content\/uploads\/2025\/09\/IMG-20250927-WA0018-151x300.jpg 151w, https:\/\/www.messinaoggi.it\/website\/wp-content\/uploads\/2025\/09\/IMG-20250927-WA0018-768x1528.jpg 768w, https:\/\/www.messinaoggi.it\/website\/wp-content\/uploads\/2025\/09\/IMG-20250927-WA0018-772x1536.jpg 772w, https:\/\/www.messinaoggi.it\/website\/wp-content\/uploads\/2025\/09\/IMG-20250927-WA0018.jpg 804w\" sizes=\"(max-width: 515px) 100vw, 515px\" \/><figcaption>Emilio Puglisi Allegra <\/figcaption><\/figure>\n\n\n\n<h2>\u201cMaddalena non doveva morire cos\u00ec\u201d<\/h2>\n\n\n\n<p>Per il partito guidato da Carlo Calenda, la morte di Maddalena Carta non \u00e8 un caso isolato: \u201cPu\u00f2 accadere ovunque, a Messina come a Bolzano, a Roma come in Sardegna. Perch\u00e9 il modello della medicina generale \u00e8 stato lasciato in bal\u00eca della burocrazia e di riforme calate dall\u2019alto, lontane dalla realt\u00e0 degli ambulatori\u201d.<\/p>\n\n\n\n<h2>L\u2019appello al Governo<\/h2>\n\n\n\n<p>Azione chiede un\u2019inversione di rotta: \u201cBasta eroi, basta martiri. Non vogliamo che i medici vengano trasformati in vittime di un sistema inadeguato. Pretendiamo soltanto che siano messi in condizione di svolgere il loro lavoro con serenit\u00e0, dignit\u00e0 e con tutte le tutele necessarie a chi ricopre un ruolo cos\u00ec delicato e fondamentale\u201d.<\/p>\n","protected":false},"excerpt":{"rendered":"<p>&#8220;La scomparsa della dottoressa Maddalena Carta, medico di base in Sardegna, scuote il dibattito politico e mette a nudo le falle della sanit\u00e0 territoriale italiana&#8221;. A denunciarlo sono Fabrizio Zingales, segretario cittadino di Azione Barcellona, ed Emilio Puglisi Allegra, vice segretario provinciale di Messina, entrambi medici di medicina generale. Secondo i rappresentanti di Azione, la [&hellip;]<\/p>\n","protected":false},"author":15,"featured_media":251036,"comment_status":"open","ping_status":"open","sticky":false,"template":"","format":"standard","meta":{"ub_ctt_via":"","_mi_skip_tracking":false},"categories":[4,6],"tags":[6250,11698,11450,11697,1648],"featured_image_src":"https:\/\/www.messinaoggi.it\/website\/wp-content\/uploads\/2025\/09\/IMG-20250927-WA0016.jpg","author_info":{"display_name":"red.me","author_link":"https:\/\/www.messinaoggi.it\/website\/author\/red-me\/"},"digistream_id":0,"digistream":false,"_links":{"self":[{"href":"https:\/\/www.messinaoggi.it\/website\/wp-json\/wp\/v2\/posts\/251033"}],"collection":[{"href":"https:\/\/www.messinaoggi.it\/website\/wp-json\/wp\/v2\/posts"}],"about":[{"href":"https:\/\/www.messinaoggi.it\/website\/wp-json\/wp\/v2\/types\/post"}],"author":[{"embeddable":true,"href":"https:\/\/www.messinaoggi.it\/website\/wp-json\/wp\/v2\/users\/15"}],"replies":[{"embeddable":true,"href":"https:\/\/www.messinaoggi.it\/website\/wp-json\/wp\/v2\/comments?post=251033"}],"version-history":[{"count":3,"href":"https:\/\/www.messinaoggi.it\/website\/wp-json\/wp\/v2\/posts\/251033\/revisions"}],"predecessor-version":[{"id":251039,"href":"https:\/\/www.messinaoggi.it\/website\/wp-json\/wp\/v2\/posts\/251033\/revisions\/251039"}],"wp:featuredmedia":[{"embeddable":true,"href":"https:\/\/www.messinaoggi.it\/website\/wp-json\/wp\/v2\/media\/251036"}],"wp:attachment":[{"href":"https:\/\/www.messinaoggi.it\/website\/wp-json\/wp\/v2\/media?parent=251033"}],"wp:term":[{"taxonomy":"category","embeddable":true,"href":"https:\/\/www.messinaoggi.it\/website\/wp-json\/wp\/v2\/categories?post=251033"},{"taxonomy":"post_tag","embeddable":true,"href":"https:\/\/www.messinaoggi.it\/website\/wp-json\/wp\/v2\/tags?post=251033"}],"curies":[{"name":"wp","href":"https:\/\/api.w.org\/{rel}","templated":true}]}}