{"id":251029,"date":"2025-09-29T11:06:26","date_gmt":"2025-09-29T09:06:26","guid":{"rendered":"https:\/\/www.messinaoggi.it\/website\/2025\/09\/29\/torna-la-biotech-week-al-via-la-tredicesima-edizione\/"},"modified":"2025-09-29T11:06:26","modified_gmt":"2025-09-29T09:06:26","slug":"torna-la-biotech-week-al-via-la-tredicesima-edizione","status":"publish","type":"post","link":"https:\/\/www.messinaoggi.it\/website\/2025\/09\/29\/torna-la-biotech-week-al-via-la-tredicesima-edizione\/","title":{"rendered":"Torna la Biotech Week, al via la tredicesima edizione"},"content":{"rendered":"<div>MILANO (ITALPRESS) &#8211; Un fatturato 2023 di oltre 47,5 miliardi di euro, pari al 2,23% del PIL nazionale; 4.888 imprese con una forte concentrazione nel Nord Italia (73% del valore prodotto, 48% delle aziende). Circa 80.000 addetti occupati, concentrati in Lombardia, Veneto ed Emilia-Romagna. E&#8217; questa la fotografia del comparto scattata da Assobiotec, l&#8217;Associazione nazionale di Federchimica per lo sviluppo delle biotecnologie. Un settore sempre pi\u00f9 centrale per l&#8217;economia italiana, capace di trasformare profondamente sanit\u00e0, agricoltura, industria e ambiente, in linea con l&#8217;approccio integrato One Health.<br \/>Dal 29 settembre al 6 ottobre, l&#8217;Italia celebra le biotecnologie con la XIII edizione della European Biotech Week: una settimana di eventi aperti al pubblico, con circa 100 appuntamenti gratuiti in tutta Italia.<br \/>Grazie alla collaborazione con enti di ricerca, Universit\u00e0, aziende, scuole e altre realt\u00e0 pubbliche e private, il programma propone iniziative multidisciplinari e adatte a tutte le et\u00e0 in &#8220;formato&#8221; on- site, online e ibridi.<br \/>Attivit\u00e0 ludico-didattiche per i pi\u00f9 piccoli, per scoprire il ruolo delle biotecnologie nella vita quotidiana; webinar e dibattiti su temi di attualit\u00e0 come l&#8217;Intelligenza Artificiale, le Tecniche di Evoluzione Assistita; il Novel food, la Longevity economy; le Terapie Avanzate&#8230;Ma anche eventi orientati al lavoro, con testimonianze di professionisti del settore, per aiutare i giovani a trasformare la passione per la scienza in una carriera.<br \/>Anche quest&#8217;anno, l&#8217;iniziativa \u00e8 coordinata e promossa da Assobiotec &#8211; Federchimica. <br \/>&#8220;La Biotech Week festeggia quest&#8217;anno la sua XIII edizione, confermando l&#8217;Italia come il Paese con il maggior numero di iniziative a livello europeo &#8211; commenta Fabrizio Greco, Presidente di Assobiotec &#8211; Federchimica (nella foto) -. E&#8217; un&#8217;occasione unica per scoprire da vicino una tecnologia che l&#8217;Unione Europea ha definito tra le pi\u00f9 promettenti del XXI secolo. Un settore che offre soluzioni concrete alle grandi sfide della nostra societ\u00e0: dalla salute alla sostenibilit\u00e0 ambientale. L&#8217;obiettivo \u00e8 avvicinare il pubblico alla scienza in modo accessibile, stimolante e concreto&#8221;.<div id=\"div-gpt-ad-Messinaoggi.it-DSK-300x250-corpoart\" style=\"text-align:center;margin:0 auto;\"><\/div><\/p>\n<p>&#8211; foto ufficio stampa Federchimica Assobiotec &#8211;<br \/>(ITALPRESS).<\/div>\n<div id=\"videoincontent\" style=\"clear:both\";><\/div>","protected":false},"excerpt":{"rendered":"<p>MILANO (ITALPRESS) &#8211; Un fatturato 2023 di oltre 47,5 miliardi di euro, pari al 2,23% del PIL nazionale; 4.888 imprese con una forte concentrazione nel Nord Italia (73% del valore prodotto, 48% delle aziende). Circa 80.000 addetti occupati, concentrati in Lombardia, Veneto ed Emilia-Romagna. E&#8217; questa la fotografia del comparto scattata da Assobiotec, l&#8217;Associazione nazionale [&hellip;]<\/p>\n","protected":false},"author":18,"featured_media":251030,"comment_status":"closed","ping_status":"closed","sticky":false,"template":"","format":"standard","meta":{"ub_ctt_via":"","_mi_skip_tracking":false},"categories":[446],"tags":[783],"featured_image_src":"https:\/\/www.messinaoggi.it\/website\/wp-content\/uploads\/2025\/09\/20250929_0158.jpg","author_info":{"display_name":"Admin","author_link":"https:\/\/www.messinaoggi.it\/website\/author\/admin\/"},"digistream_id":0,"digistream":false,"_links":{"self":[{"href":"https:\/\/www.messinaoggi.it\/website\/wp-json\/wp\/v2\/posts\/251029"}],"collection":[{"href":"https:\/\/www.messinaoggi.it\/website\/wp-json\/wp\/v2\/posts"}],"about":[{"href":"https:\/\/www.messinaoggi.it\/website\/wp-json\/wp\/v2\/types\/post"}],"author":[{"embeddable":true,"href":"https:\/\/www.messinaoggi.it\/website\/wp-json\/wp\/v2\/users\/18"}],"replies":[{"embeddable":true,"href":"https:\/\/www.messinaoggi.it\/website\/wp-json\/wp\/v2\/comments?post=251029"}],"version-history":[{"count":0,"href":"https:\/\/www.messinaoggi.it\/website\/wp-json\/wp\/v2\/posts\/251029\/revisions"}],"wp:featuredmedia":[{"embeddable":true,"href":"https:\/\/www.messinaoggi.it\/website\/wp-json\/wp\/v2\/media\/251030"}],"wp:attachment":[{"href":"https:\/\/www.messinaoggi.it\/website\/wp-json\/wp\/v2\/media?parent=251029"}],"wp:term":[{"taxonomy":"category","embeddable":true,"href":"https:\/\/www.messinaoggi.it\/website\/wp-json\/wp\/v2\/categories?post=251029"},{"taxonomy":"post_tag","embeddable":true,"href":"https:\/\/www.messinaoggi.it\/website\/wp-json\/wp\/v2\/tags?post=251029"}],"curies":[{"name":"wp","href":"https:\/\/api.w.org\/{rel}","templated":true}]}}