{"id":251000,"date":"2025-09-28T11:06:29","date_gmt":"2025-09-28T09:06:29","guid":{"rendered":"https:\/\/www.messinaoggi.it\/website\/2025\/09\/28\/elezioni-regionali-le-marche-e-la-valle-daosta-al-voto\/"},"modified":"2025-09-28T11:06:29","modified_gmt":"2025-09-28T09:06:29","slug":"elezioni-regionali-le-marche-e-la-valle-daosta-al-voto","status":"publish","type":"post","link":"https:\/\/www.messinaoggi.it\/website\/2025\/09\/28\/elezioni-regionali-le-marche-e-la-valle-daosta-al-voto\/","title":{"rendered":"Elezioni Regionali, le Marche e la Valle d\u2019Aosta al voto"},"content":{"rendered":"<div>ANCONA (ITALPRESS) &#8211; Oggi e luned\u00ec nelle Marche si terranno le elezioni per il nuovo presidente della Giunta regionale e per il Consiglio regionale. Solo domani invece si voter\u00e0 in Valle d&#8217;Aosta. Nelle Marche i seggi saranno aperti domenica 28 settembre dalle 7 alle 23 e luned\u00ec 29 settembre dalle 7 alle 15. Sono chiamati alle urne 1.325.689 elettori. Sei i candidati: il presidente uscente Francesco Acquaroli (Fratelli d&#8217;Italia), sostenuto anche dagli alleati del centrodestra Lega e Forza Italia, oltre a formazioni civiche e movimenti locali come &#8220;Civici Marche&#8221; e &#8220;Marchigiani con Acquaroli&#8221;; l&#8217;ex sindaco di Pesaro e attuale eurodeputato del Partito Democratico Matteo Ricci, sostenuto da una coalizione che include anche Movimento 5 Stelle, Alleanza Verdi e Sinistra, e altre liste civiche e riformiste (come &#8220;Progetto Marche&#8221;, &#8220;Avanti con Ricci&#8221;, &#8220;Pace Salute Lavoro&#8221;); Claudio Bolletta (Democrazia Sovrana Popolare); Francesco Gerardi (Forza del Popolo); Lidia Mangani (Partito Comunista Italiano) e Beatrice Marinelli (Evoluzione della Rivoluzione).<br \/>\nOltre al presidente della Regione saranno eletti i 30 consiglieri regionali. La regione \u00e8 suddivisa in circoscrizioni elettorali corrispondenti alle province: Ancona (404.299 elettori), Ascoli Piceno (179.460), Fermo (149.853), Macerata (292.239), Pesaro e Urbino (299.838). Alla coalizione del candidato presidente eletto (se ottiene almeno il 40% dei voti validi) viene garantito un premio di maggioranza variabile per assicurare una maggioranza stabile nel Consiglio regionale. Il premio \u00e8 concepito in modo che la coalizione vincente ottenga una quota di almeno circa il 55 % dei seggi totali, ma modulata in base al risultato elettorale (cio\u00e8 non un premio fisso per tutte le percentuali). Non \u00e8 permesso il voto disgiunto: non si pu\u00f2 votare per un presidente e una lista non collegata. Si possono esprimere una o due preferenze per i candidati consiglieri, all&#8217;interno della lista scelta. Se si esprimono due preferenze, esse devono riguardare candidati di sesso diverso, altrimenti la seconda preferenza \u00e8 annullata. In Valle d&#8217;Aosta si vota domenica 28 settembre 2025, dalle ore 7 alle ore 23, per il rinnovo del Consiglio regionale e delle amministrazioni di 65 Comuni. Sono chiamati alle urne 103.223 elettori. In questo caso il presidente della Regione non \u00e8 eletto direttamente dai cittadini, ma viene scelto dal Consiglio regionale, a maggioranza assoluta (met\u00e0 pi\u00f9 uno dei 35 componenti) nella prima seduta utile. Questo sistema rende le elezioni valdostane particolari, perch\u00e8 il ruolo del Governatore dipende fortemente da alleanze post-voto.<br \/>\nIl Consiglio regionale \u00e8 composto da 35 consiglieri, eletti per un mandato di 5 anni. Non esistono circoscrizioni provinciali: la Valle d&#8217;Aosta \u00e8 una unica circoscrizione regionale per la ripartizione dei seggi. A seguito di un referendum, \u00e8 stato ripristinato il diritto a fino a tre preferenze, con obbligo che almeno una sia di genere diverso rispetto alle altre due (due uomini e una donna, o viceversa), pena la nullit\u00e0 della terza preferenza. Se l&#8217;elettore scrive preferenze, devono essere per candidati della stessa lista. Preferenze per candidati di liste diverse sono nulle. E&#8217; previsto un premio di maggioranza: se una lista (o gruppo di liste coalizzate) raggiunge almeno il 42% dei voti, ottiene 21 seggi (pari al 60% dei seggi totali).<br \/>\nPer il voto di domani sono state ammesse 9 liste, con un totale di 309 candidati (di cui 134 donne).<br \/>\n(ITALPRESS).<div id=\"div-gpt-ad-Messinaoggi.it-DSK-300x250-corpoart\" style=\"text-align:center;margin:0 auto;\"><\/div><\/p>\n<p>Foto: Ipa Agency<div id=\"videoincontent\" style=\"clear:both\";><\/div><\/p><\/div>\n","protected":false},"excerpt":{"rendered":"<p>ANCONA (ITALPRESS) &#8211; Oggi e luned\u00ec nelle Marche si terranno le elezioni per il nuovo presidente della Giunta regionale e per il Consiglio regionale. Solo domani invece si voter\u00e0 in Valle d&#8217;Aosta. Nelle Marche i seggi saranno aperti domenica 28 settembre dalle 7 alle 23 e luned\u00ec 29 settembre dalle 7 alle 15. Sono chiamati [&hellip;]<\/p>\n","protected":false},"author":18,"featured_media":251001,"comment_status":"closed","ping_status":"closed","sticky":false,"template":"","format":"standard","meta":{"ub_ctt_via":"","_mi_skip_tracking":false},"categories":[446],"tags":[783],"featured_image_src":"https:\/\/www.messinaoggi.it\/website\/wp-content\/uploads\/2025\/09\/20250928_0174.jpg","author_info":{"display_name":"Admin","author_link":"https:\/\/www.messinaoggi.it\/website\/author\/admin\/"},"digistream_id":0,"digistream":false,"_links":{"self":[{"href":"https:\/\/www.messinaoggi.it\/website\/wp-json\/wp\/v2\/posts\/251000"}],"collection":[{"href":"https:\/\/www.messinaoggi.it\/website\/wp-json\/wp\/v2\/posts"}],"about":[{"href":"https:\/\/www.messinaoggi.it\/website\/wp-json\/wp\/v2\/types\/post"}],"author":[{"embeddable":true,"href":"https:\/\/www.messinaoggi.it\/website\/wp-json\/wp\/v2\/users\/18"}],"replies":[{"embeddable":true,"href":"https:\/\/www.messinaoggi.it\/website\/wp-json\/wp\/v2\/comments?post=251000"}],"version-history":[{"count":0,"href":"https:\/\/www.messinaoggi.it\/website\/wp-json\/wp\/v2\/posts\/251000\/revisions"}],"wp:featuredmedia":[{"embeddable":true,"href":"https:\/\/www.messinaoggi.it\/website\/wp-json\/wp\/v2\/media\/251001"}],"wp:attachment":[{"href":"https:\/\/www.messinaoggi.it\/website\/wp-json\/wp\/v2\/media?parent=251000"}],"wp:term":[{"taxonomy":"category","embeddable":true,"href":"https:\/\/www.messinaoggi.it\/website\/wp-json\/wp\/v2\/categories?post=251000"},{"taxonomy":"post_tag","embeddable":true,"href":"https:\/\/www.messinaoggi.it\/website\/wp-json\/wp\/v2\/tags?post=251000"}],"curies":[{"name":"wp","href":"https:\/\/api.w.org\/{rel}","templated":true}]}}