{"id":250992,"date":"2025-09-27T22:06:28","date_gmt":"2025-09-27T20:06:28","guid":{"rendered":"https:\/\/www.messinaoggi.it\/website\/2025\/09\/27\/tajani-attacchi-droni-russi-non-credo-italia-sia-obiettivo-militare\/"},"modified":"2025-09-27T22:06:28","modified_gmt":"2025-09-27T20:06:28","slug":"tajani-attacchi-droni-russi-non-credo-italia-sia-obiettivo-militare","status":"publish","type":"post","link":"https:\/\/www.messinaoggi.it\/website\/2025\/09\/27\/tajani-attacchi-droni-russi-non-credo-italia-sia-obiettivo-militare\/","title":{"rendered":"Tajani \u201cAttacchi droni russi? Non credo Italia sia obiettivo militare\u201d"},"content":{"rendered":"<div>ROMA (ITALPRESS) &#8211; &#8220;Mi auguro che questo non accada, ma non credo che Putin voglia scatenare la terza guerra mondiale, non credo neanche che l&#8217;Italia sia un obiettivo militare&#8221;. A dirlo, il vicepremier e ministro degli Esteri, Antonio\u00a0Tajani, a &#8220;4 di Sera Weekend&#8221; su Retequattro, in merito all&#8217;allarme lanciato dal presidente ucraino Volodymyr Zelensky sul pericolo di sconfinamento di droni russi nei cieli europei e che &#8220;l&#8217;Italia protrebbe essere la prossima&#8221;. &#8220;Comunque la nostra difesa aerea \u00e8 sempre in grado di intercettare e abbattere i droni che possono avere intenzioni minacciose, come la Nato \u00e8 in grado di farlo &#8211; ha aggiunto -. Credo che Putin stia testando la reazione dell&#8217;Occidente. Sono pi\u00f9 messaggi politici che militari ma non credo che la Russia voglia veramente inviare droni in Italia&#8221;, ha ribadito.<div id=\"div-gpt-ad-Messinaoggi.it-DSK-300x250-corpoart\" style=\"text-align:center;margin:0 auto;\"><\/div><\/p>\n<p> &#8211; Foto Ipa Agency &#8211;<br \/>(ITALPRESS).<\/div>\n<div id=\"videoincontent\" style=\"clear:both\";><\/div>","protected":false},"excerpt":{"rendered":"<p>ROMA (ITALPRESS) &#8211; &#8220;Mi auguro che questo non accada, ma non credo che Putin voglia scatenare la terza guerra mondiale, non credo neanche che l&#8217;Italia sia un obiettivo militare&#8221;. A dirlo, il vicepremier e ministro degli Esteri, Antonio\u00a0Tajani, a &#8220;4 di Sera Weekend&#8221; su Retequattro, in merito all&#8217;allarme lanciato dal presidente ucraino Volodymyr Zelensky sul [&hellip;]<\/p>\n","protected":false},"author":18,"featured_media":250993,"comment_status":"closed","ping_status":"closed","sticky":false,"template":"","format":"standard","meta":{"ub_ctt_via":"","_mi_skip_tracking":false},"categories":[446],"tags":[783],"featured_image_src":"https:\/\/www.messinaoggi.it\/website\/wp-content\/uploads\/2025\/09\/20250927_1975.jpg","author_info":{"display_name":"Admin","author_link":"https:\/\/www.messinaoggi.it\/website\/author\/admin\/"},"digistream_id":0,"digistream":false,"_links":{"self":[{"href":"https:\/\/www.messinaoggi.it\/website\/wp-json\/wp\/v2\/posts\/250992"}],"collection":[{"href":"https:\/\/www.messinaoggi.it\/website\/wp-json\/wp\/v2\/posts"}],"about":[{"href":"https:\/\/www.messinaoggi.it\/website\/wp-json\/wp\/v2\/types\/post"}],"author":[{"embeddable":true,"href":"https:\/\/www.messinaoggi.it\/website\/wp-json\/wp\/v2\/users\/18"}],"replies":[{"embeddable":true,"href":"https:\/\/www.messinaoggi.it\/website\/wp-json\/wp\/v2\/comments?post=250992"}],"version-history":[{"count":0,"href":"https:\/\/www.messinaoggi.it\/website\/wp-json\/wp\/v2\/posts\/250992\/revisions"}],"wp:featuredmedia":[{"embeddable":true,"href":"https:\/\/www.messinaoggi.it\/website\/wp-json\/wp\/v2\/media\/250993"}],"wp:attachment":[{"href":"https:\/\/www.messinaoggi.it\/website\/wp-json\/wp\/v2\/media?parent=250992"}],"wp:term":[{"taxonomy":"category","embeddable":true,"href":"https:\/\/www.messinaoggi.it\/website\/wp-json\/wp\/v2\/categories?post=250992"},{"taxonomy":"post_tag","embeddable":true,"href":"https:\/\/www.messinaoggi.it\/website\/wp-json\/wp\/v2\/tags?post=250992"}],"curies":[{"name":"wp","href":"https:\/\/api.w.org\/{rel}","templated":true}]}}