{"id":250964,"date":"2025-09-27T12:06:43","date_gmt":"2025-09-27T10:06:43","guid":{"rendered":"https:\/\/www.messinaoggi.it\/website\/2025\/09\/27\/urso-niente-veto-su-futuro-armani-ma-auspico-resti-italiana\/"},"modified":"2025-09-27T12:06:43","modified_gmt":"2025-09-27T10:06:43","slug":"urso-niente-veto-su-futuro-armani-ma-auspico-resti-italiana","status":"publish","type":"post","link":"https:\/\/www.messinaoggi.it\/website\/2025\/09\/27\/urso-niente-veto-su-futuro-armani-ma-auspico-resti-italiana\/","title":{"rendered":"Urso \u201cNiente veto su futuro Armani, ma auspico resti italiana\u201d"},"content":{"rendered":"<div>ROMA (ITALPRESS) &#8211; <em>&#8220;Il settore della moda in quanto tale non \u00e8 nel perimetro del Golden Power. <strong>Armani \u00e8 comunque e rimarr\u00e0 sempre il brand del Made in Italy<\/strong>, qualunque sia in futuro la composizione azionaria della propriet\u00e0. Ovviamente, nel rispetto delle logiche di mercato, il nostro auspicio \u00e8 che il baricentro dell&#8217;azienda resti saldamente in Italia. Peraltro, <strong>l&#8217;esempio di quanto recentemente accaduto con l&#8217;acquisizione di Versace da parte di Prada, \u00e8 di buon auspicio<\/strong> e in controtendenza con gli anni passati, quando molte delle nostre eccellenze sono finite in mani straniere&#8230;&#8221;.<\/em> Lo dice A<strong>dolfo Urso, ministro delle Imprese e del Made in Italy<\/strong> in una intervista a Milano Finanza che, poi, sulla questione dazi, aggiunge: <em><strong>&#8220;I dazi americani non incideranno in modo significativo sulle prospettive del settore moda<\/strong>: sono ovviamente onerosi ma sostenibili, perch\u00e8 ci rivolgiamo a una gamma di acquirenti ad alto reddito e abbiamo un posizionamento di mercato difficilmente sostituibile. Nel prossimo Tavolo di settore presenteremo le ulteriori novit\u00e0 del Piano Moda per l&#8217;Italia che stiamo concordando con le associazioni di categoria e con i grandi brand che producono nel nostro Paese&#8221;.<\/em><div id=\"div-gpt-ad-Messinaoggi.it-DSK-300x250-corpoart\" style=\"text-align:center;margin:0 auto;\"><\/div><\/p>\n<p>Urso, poi, conclude: <em><strong>&#8220;Vogliamo sostenere la crescita delle imprese italiane e vorremmo che loro aggregazione fosse sia verticale sia orizzontale.<\/strong> Puntiamo cos\u00ec a incoraggiare i brand che intendono rafforzare la filiera e renderla pi\u00f9 sostenibile, ma anche a stimolare l&#8217;aggregazione tra imprese che producono componenti a servizio dei grandi brand&#8221;.<\/em><div id=\"videoincontent\" style=\"clear:both\";><\/div><\/p>\n<p>foto: IPA Agency<\/p>\n<p>(ITALPRESS).<\/p><\/div>\n","protected":false},"excerpt":{"rendered":"<p>ROMA (ITALPRESS) &#8211; &#8220;Il settore della moda in quanto tale non \u00e8 nel perimetro del Golden Power. Armani \u00e8 comunque e rimarr\u00e0 sempre il brand del Made in Italy, qualunque sia in futuro la composizione azionaria della propriet\u00e0. Ovviamente, nel rispetto delle logiche di mercato, il nostro auspicio \u00e8 che il baricentro dell&#8217;azienda resti saldamente [&hellip;]<\/p>\n","protected":false},"author":18,"featured_media":250965,"comment_status":"closed","ping_status":"closed","sticky":false,"template":"","format":"standard","meta":{"ub_ctt_via":"","_mi_skip_tracking":false},"categories":[446],"tags":[783],"featured_image_src":"https:\/\/www.messinaoggi.it\/website\/wp-content\/uploads\/2025\/09\/20250927_0143.jpg","author_info":{"display_name":"Admin","author_link":"https:\/\/www.messinaoggi.it\/website\/author\/admin\/"},"digistream_id":0,"digistream":false,"_links":{"self":[{"href":"https:\/\/www.messinaoggi.it\/website\/wp-json\/wp\/v2\/posts\/250964"}],"collection":[{"href":"https:\/\/www.messinaoggi.it\/website\/wp-json\/wp\/v2\/posts"}],"about":[{"href":"https:\/\/www.messinaoggi.it\/website\/wp-json\/wp\/v2\/types\/post"}],"author":[{"embeddable":true,"href":"https:\/\/www.messinaoggi.it\/website\/wp-json\/wp\/v2\/users\/18"}],"replies":[{"embeddable":true,"href":"https:\/\/www.messinaoggi.it\/website\/wp-json\/wp\/v2\/comments?post=250964"}],"version-history":[{"count":0,"href":"https:\/\/www.messinaoggi.it\/website\/wp-json\/wp\/v2\/posts\/250964\/revisions"}],"wp:featuredmedia":[{"embeddable":true,"href":"https:\/\/www.messinaoggi.it\/website\/wp-json\/wp\/v2\/media\/250965"}],"wp:attachment":[{"href":"https:\/\/www.messinaoggi.it\/website\/wp-json\/wp\/v2\/media?parent=250964"}],"wp:term":[{"taxonomy":"category","embeddable":true,"href":"https:\/\/www.messinaoggi.it\/website\/wp-json\/wp\/v2\/categories?post=250964"},{"taxonomy":"post_tag","embeddable":true,"href":"https:\/\/www.messinaoggi.it\/website\/wp-json\/wp\/v2\/tags?post=250964"}],"curies":[{"name":"wp","href":"https:\/\/api.w.org\/{rel}","templated":true}]}}