{"id":250942,"date":"2025-09-26T22:06:33","date_gmt":"2025-09-26T20:06:33","guid":{"rendered":"https:\/\/www.messinaoggi.it\/website\/2025\/09\/26\/carceri-la-russa-gruppi-presentino-iniziative-su-sovraffollamento\/"},"modified":"2025-09-26T22:06:33","modified_gmt":"2025-09-26T20:06:33","slug":"carceri-la-russa-gruppi-presentino-iniziative-su-sovraffollamento","status":"publish","type":"post","link":"https:\/\/www.messinaoggi.it\/website\/2025\/09\/26\/carceri-la-russa-gruppi-presentino-iniziative-su-sovraffollamento\/","title":{"rendered":"Carceri, La Russa \u201cGruppi presentino iniziative su sovraffollamento\u201d"},"content":{"rendered":"<div>ROMA (ITALPRESS) &#8211; &#8220;<em><strong>Come presidente del Senato mi sono preoccupato della situazione che ho trovato nelle carceri e il tema che ho cercato venisse affrontato \u00e8 quello del sovraffollamento.<\/strong> Ho trovato nel governo comprensione sul problema e anche impegno ad affrontarlo con un sistema carcerario pi\u00f9 adeguato. Ma La mia preoccupazione rimane sui tempi. Non ho minimamente alcun dubbio che il governo voglia affrontare questo tema, ma nelle more qualcosa bisogna fare&#8221;.<\/em> Cos\u00ec il presidente del <strong>Senato, Ignazio La Russa, a margine del XX Congresso delle camere penali italiane, a Catania.<\/strong><div id=\"div-gpt-ad-Messinaoggi.it-DSK-300x250-corpoart\" style=\"text-align:center;margin:0 auto;\"><\/div><\/p>\n<p><em>&#8220;Allora<\/em> &#8211; ha spiegato &#8211;<em> ho cercato in sede di capigruppo di stimolare un provvedimento che fosse comune a tutti i gruppi, che potesse aiutare in questa fase a rendere pi\u00f9 agevole lo stato di detenzione anche trasformandola dal carcere in abitazione perch\u00e8 sempre detenzione \u00e8. Ho affidato alla vicepresidente il compito di vagliare le possibilit\u00e0, ma non \u00e8 riuscita a trovare un&#8217;intesa per un testo comune. Per cui ho detto e lo dir\u00f2 nella prossima capigruppo, che ciascun gruppo \u00e8 a questo punto libero di assumere iniziative. Il mio rimane un auspicio riguardo la necessit\u00e0 che, nell&#8217;attesa che il governo possa completare i progetti che ha per rendere il sovraffollamento nelle carceri un qualcosa del passato, si faccia qualcosa nel presente&#8221;,<\/em> ha concluso La Russa.<div id=\"videoincontent\" style=\"clear:both\";><\/div><\/p>\n<p>(ITALPRESS).<br \/>\n-Foto: Ufficio stampa Senato-<\/p><\/div>\n","protected":false},"excerpt":{"rendered":"<p>ROMA (ITALPRESS) &#8211; &#8220;Come presidente del Senato mi sono preoccupato della situazione che ho trovato nelle carceri e il tema che ho cercato venisse affrontato \u00e8 quello del sovraffollamento. Ho trovato nel governo comprensione sul problema e anche impegno ad affrontarlo con un sistema carcerario pi\u00f9 adeguato. Ma La mia preoccupazione rimane sui tempi. Non [&hellip;]<\/p>\n","protected":false},"author":18,"featured_media":250943,"comment_status":"closed","ping_status":"closed","sticky":false,"template":"","format":"standard","meta":{"ub_ctt_via":"","_mi_skip_tracking":false},"categories":[446],"tags":[783],"featured_image_src":"https:\/\/www.messinaoggi.it\/website\/wp-content\/uploads\/2025\/09\/20250926_2306.jpg","author_info":{"display_name":"Admin","author_link":"https:\/\/www.messinaoggi.it\/website\/author\/admin\/"},"digistream_id":0,"digistream":false,"_links":{"self":[{"href":"https:\/\/www.messinaoggi.it\/website\/wp-json\/wp\/v2\/posts\/250942"}],"collection":[{"href":"https:\/\/www.messinaoggi.it\/website\/wp-json\/wp\/v2\/posts"}],"about":[{"href":"https:\/\/www.messinaoggi.it\/website\/wp-json\/wp\/v2\/types\/post"}],"author":[{"embeddable":true,"href":"https:\/\/www.messinaoggi.it\/website\/wp-json\/wp\/v2\/users\/18"}],"replies":[{"embeddable":true,"href":"https:\/\/www.messinaoggi.it\/website\/wp-json\/wp\/v2\/comments?post=250942"}],"version-history":[{"count":0,"href":"https:\/\/www.messinaoggi.it\/website\/wp-json\/wp\/v2\/posts\/250942\/revisions"}],"wp:featuredmedia":[{"embeddable":true,"href":"https:\/\/www.messinaoggi.it\/website\/wp-json\/wp\/v2\/media\/250943"}],"wp:attachment":[{"href":"https:\/\/www.messinaoggi.it\/website\/wp-json\/wp\/v2\/media?parent=250942"}],"wp:term":[{"taxonomy":"category","embeddable":true,"href":"https:\/\/www.messinaoggi.it\/website\/wp-json\/wp\/v2\/categories?post=250942"},{"taxonomy":"post_tag","embeddable":true,"href":"https:\/\/www.messinaoggi.it\/website\/wp-json\/wp\/v2\/tags?post=250942"}],"curies":[{"name":"wp","href":"https:\/\/api.w.org\/{rel}","templated":true}]}}