{"id":250921,"date":"2025-09-26T16:06:34","date_gmt":"2025-09-26T14:06:34","guid":{"rendered":"https:\/\/www.messinaoggi.it\/website\/2025\/09\/26\/mattarella-invita-flotilla-a-raccogliere-la-disponibilita-di-pizzaballa\/"},"modified":"2025-09-26T16:06:34","modified_gmt":"2025-09-26T14:06:34","slug":"mattarella-invita-flotilla-a-raccogliere-la-disponibilita-di-pizzaballa","status":"publish","type":"post","link":"https:\/\/www.messinaoggi.it\/website\/2025\/09\/26\/mattarella-invita-flotilla-a-raccogliere-la-disponibilita-di-pizzaballa\/","title":{"rendered":"Mattarella invita Flotilla a raccogliere la disponibilit\u00e0 di Pizzaballa"},"content":{"rendered":"<div>ROMA (ITALPRESS) &#8211; &#8220;Il valore della vita umana, che sembra aver perso ogni significato a Gaza, dove viene gravemente calpestato con disumane sofferenze per la popolazione, richiede di evitare di porre a rischio l&#8217;incolumit\u00e0 di ogni persona. A questo scopo e al fine di salvaguardare il valore dell&#8217;iniziativa assunta &#8211; valore che si \u00e8 espresso con ampia risonanza e significato &#8211; appare necessario preservare l&#8217;obiettivo di far pervenire gli aiuti raccolti alla popolazione in sofferenza&#8221;. Cos\u00ec il presidente della Repubblica, Sergio Mattarella. &#8220;Mi permetto di rivolgere con particolare intensit\u00e0 un appello alle donne e agli uomini della Flotilla perch\u00e8 raccolgano la disponibilit\u00e0 offerta dal Patriarcato Latino di Gerusalemme &#8211; anch&#8217;esso impegnato con fermezza e coraggio nella vicinanza alla popolazione di Gaza &#8211; di svolgere il compito di consegnare in sicurezza quel che la solidariet\u00e0 ha destinato a bambini, donne, uomini di Gaza&#8221;, aggiunge il capo dello Stato.<br \/>(ITALPRESS).<br \/>-Foto: Quirinale-<\/div>\n<div id=\"div-gpt-ad-Messinaoggi.it-DSK-300x250-corpoart\" style=\"text-align:center;margin:0 auto;\"><\/div><\/p><div id=\"videoincontent\" style=\"clear:both\";><\/div>","protected":false},"excerpt":{"rendered":"<p>ROMA (ITALPRESS) &#8211; &#8220;Il valore della vita umana, che sembra aver perso ogni significato a Gaza, dove viene gravemente calpestato con disumane sofferenze per la popolazione, richiede di evitare di porre a rischio l&#8217;incolumit\u00e0 di ogni persona. A questo scopo e al fine di salvaguardare il valore dell&#8217;iniziativa assunta &#8211; valore che si \u00e8 espresso [&hellip;]<\/p>\n","protected":false},"author":18,"featured_media":250922,"comment_status":"closed","ping_status":"closed","sticky":false,"template":"","format":"standard","meta":{"ub_ctt_via":"","_mi_skip_tracking":false},"categories":[446],"tags":[783],"featured_image_src":"https:\/\/www.messinaoggi.it\/website\/wp-content\/uploads\/2025\/09\/20250926_0722.jpg","author_info":{"display_name":"Admin","author_link":"https:\/\/www.messinaoggi.it\/website\/author\/admin\/"},"digistream_id":0,"digistream":false,"_links":{"self":[{"href":"https:\/\/www.messinaoggi.it\/website\/wp-json\/wp\/v2\/posts\/250921"}],"collection":[{"href":"https:\/\/www.messinaoggi.it\/website\/wp-json\/wp\/v2\/posts"}],"about":[{"href":"https:\/\/www.messinaoggi.it\/website\/wp-json\/wp\/v2\/types\/post"}],"author":[{"embeddable":true,"href":"https:\/\/www.messinaoggi.it\/website\/wp-json\/wp\/v2\/users\/18"}],"replies":[{"embeddable":true,"href":"https:\/\/www.messinaoggi.it\/website\/wp-json\/wp\/v2\/comments?post=250921"}],"version-history":[{"count":0,"href":"https:\/\/www.messinaoggi.it\/website\/wp-json\/wp\/v2\/posts\/250921\/revisions"}],"wp:featuredmedia":[{"embeddable":true,"href":"https:\/\/www.messinaoggi.it\/website\/wp-json\/wp\/v2\/media\/250922"}],"wp:attachment":[{"href":"https:\/\/www.messinaoggi.it\/website\/wp-json\/wp\/v2\/media?parent=250921"}],"wp:term":[{"taxonomy":"category","embeddable":true,"href":"https:\/\/www.messinaoggi.it\/website\/wp-json\/wp\/v2\/categories?post=250921"},{"taxonomy":"post_tag","embeddable":true,"href":"https:\/\/www.messinaoggi.it\/website\/wp-json\/wp\/v2\/tags?post=250921"}],"curies":[{"name":"wp","href":"https:\/\/api.w.org\/{rel}","templated":true}]}}