{"id":250909,"date":"2025-09-26T13:06:26","date_gmt":"2025-09-26T11:06:26","guid":{"rendered":"https:\/\/www.messinaoggi.it\/website\/2025\/09\/26\/byd-altavilla-focus-sullinnovazione-leuropa-collabori-con-la-cina\/"},"modified":"2025-09-26T13:06:26","modified_gmt":"2025-09-26T11:06:26","slug":"byd-altavilla-focus-sullinnovazione-leuropa-collabori-con-la-cina","status":"publish","type":"post","link":"https:\/\/www.messinaoggi.it\/website\/2025\/09\/26\/byd-altavilla-focus-sullinnovazione-leuropa-collabori-con-la-cina\/","title":{"rendered":"BYD, Altavilla \u201cFocus sull\u2019innovazione, l\u2019Europa collabori con la Cina\u201d"},"content":{"rendered":"<div>MILANO (ITALPRESS) &#8211; L&#8217;obiettivo di BYD &#8220;\u00e8 diventare un costruttore di riferimento in Europa e nel mondo&#8221;. Lo afferma in un&#8217;intervista a Claudio Brachino per il magazine televisivo Italpress Economy Alfredo Altavilla, Special Advisor per l&#8217;Europa della principale tech company internazionale.<br \/>Altavilla \u00e8 molto critico nei confronti del Green Deal dell&#8217;Unione Europea. &#8220;Per come \u00e8 stato scritto, sta portando alla distruzione di un settore industriale che \u00e8 tra i pi\u00f9 importanti generatori di Pil in tutta Europa, e alla perdita di centinaia di migliaia di posti di lavoro &#8211; spiega il manager -. Inoltre non raggiunge assolutamente quello che era l&#8217;obiettivo originario, cio\u00e8 l&#8217;abbassamento delle emissioni. L&#8217;unico vero obiettivo che il Green Deal sta raggiungendo \u00e8 che da quando \u00e8 stato introdotto il parco l&#8217;et\u00e0 media del parco auto in Europa \u00e8 invecchiata di ulteriori 2 anni. In alcuni paesi come l&#8217;Italia \u00e8 pi\u00f9 vecchio di 12 anni. Viene fissata la data dell&#8217;1 gennaio 2035 in cui non si produrranno pi\u00f9 le automobili a combustione tradizionale, ma non \u00e8 stata creata l&#8217;infrastruttura che consente al cliente di poter utilizzare la mobilit\u00e0 elettrica&#8221;.<br \/>&#8220;Il mercato europeo dell&#8217;automobile si sta rimpicciolendo per effetto del Green Deal, a noi non interessa essere i pi\u00f9 bravi nel cortile. Mi farebbe molto pi\u00f9 piacere essere uno dei pi\u00f9 bravi ma in un campo di calcio&#8221;, prosegue.<br \/>&#8220;In BYD abbiamo deciso di fare una cosa: le colonnine di ricarica ce le faremo da soli con i nostri soldi a partire dall&#8217;Italia e aperte a tutti, non solo a chi compra le nostre auto &#8211; sottolinea Altavilla -. Le faremo con una tecnologia di ricarica ultra veloce. Lo faremo in tutta Europa. Le prime stazioni di ricarica di questo tipo saranno pronte gi\u00e0 per la fine di questo anno&#8221;.<br \/>&#8220;BYD ha circa di 1.100.000 dipendenti, e 125.000 sono ingegneri che lo scorso anno hanno depositato una media di 45 brevetti per giorno lavorativo. Questo \u00e8 il vero mantra di BYD, la tecnologia e il focus sull&#8217;innovazione&#8221;, aggiunge.<br \/>Per il top manager &#8220;il tentativo di competere con la Cina non \u00e8 lungimirante per l&#8217;Europa. Ormai sulle due tecnologie chiave di questo settore, l&#8217;elettrificazione e la cosiddetta intelligence dell&#8217;automobile, dai sistemi di intrattenimento a bordo per arrivare alla guida autonoma, la Cina \u00e8 troppo avanti, parliamo di decenni. Quindi investire tonnellate di capitale per cercare di raggiungerla \u00e8 inutile &#8211; sottolinea Altavilla -. Sarebbe molto pi\u00f9 saggio collaborare con le aziende cinesi che hanno tutto l&#8217;interesse e la volont\u00e0 di farlo. Sento di governi che vogliono lanciare Giga Factory con 5-6 miliardi di investimenti, ma per arrivare in produzione fra 3 anni con batterie la cui tecnologia sar\u00e0 gi\u00e0 stata superata. Mi sembra veramente un utilizzo poco saggio dei soldi pubblici&#8221;.<br \/>Lo Special Advisor di BYD per l&#8217;Europa parla infine di Denza, il marchio premium del gruppo: &#8220;L&#8217;abbiamo presentato alla Settimana del Design di Milano perch\u00e8 era proprio il modo giusto per presentarlo. Apriremo l&#8217;ordinabilit\u00e0 delle auto per fine anno e le consegne cominceranno nel corso del prossimo anno&#8221;.<br \/>Il marchio punta a trovare il punto di sintesi &#8220;tra una tecnologia che non deve essere fine a se stessa, lo stile e l&#8217;esperienza che accompagna il cliente dal momento in cui fa il primo click sul sito Internet del brand fino al momento in cui compra l&#8217;automobile. Questo \u00e8 quello a cui stiamo lavorando: cercare di dare un&#8217;esperienza davvero diversa da quella che hanno dato tutti gli altri&#8221;, conclude Altavilla.<div id=\"div-gpt-ad-Messinaoggi.it-DSK-300x250-corpoart\" style=\"text-align:center;margin:0 auto;\"><\/div><\/p>\n<p>&#8211; Foto Italpress &#8211;<div id=\"videoincontent\" style=\"clear:both\";><\/div><\/p>\n<p>(ITALPRESS).<\/p><\/div>\n","protected":false},"excerpt":{"rendered":"<p>MILANO (ITALPRESS) &#8211; L&#8217;obiettivo di BYD &#8220;\u00e8 diventare un costruttore di riferimento in Europa e nel mondo&#8221;. Lo afferma in un&#8217;intervista a Claudio Brachino per il magazine televisivo Italpress Economy Alfredo Altavilla, Special Advisor per l&#8217;Europa della principale tech company internazionale.Altavilla \u00e8 molto critico nei confronti del Green Deal dell&#8217;Unione Europea. &#8220;Per come \u00e8 stato [&hellip;]<\/p>\n","protected":false},"author":18,"featured_media":250910,"comment_status":"closed","ping_status":"closed","sticky":false,"template":"","format":"standard","meta":{"ub_ctt_via":"","_mi_skip_tracking":false},"categories":[446],"tags":[783],"featured_image_src":"https:\/\/www.messinaoggi.it\/website\/wp-content\/uploads\/2025\/09\/20250926_0178.jpg","author_info":{"display_name":"Admin","author_link":"https:\/\/www.messinaoggi.it\/website\/author\/admin\/"},"digistream_id":0,"digistream":false,"_links":{"self":[{"href":"https:\/\/www.messinaoggi.it\/website\/wp-json\/wp\/v2\/posts\/250909"}],"collection":[{"href":"https:\/\/www.messinaoggi.it\/website\/wp-json\/wp\/v2\/posts"}],"about":[{"href":"https:\/\/www.messinaoggi.it\/website\/wp-json\/wp\/v2\/types\/post"}],"author":[{"embeddable":true,"href":"https:\/\/www.messinaoggi.it\/website\/wp-json\/wp\/v2\/users\/18"}],"replies":[{"embeddable":true,"href":"https:\/\/www.messinaoggi.it\/website\/wp-json\/wp\/v2\/comments?post=250909"}],"version-history":[{"count":0,"href":"https:\/\/www.messinaoggi.it\/website\/wp-json\/wp\/v2\/posts\/250909\/revisions"}],"wp:featuredmedia":[{"embeddable":true,"href":"https:\/\/www.messinaoggi.it\/website\/wp-json\/wp\/v2\/media\/250910"}],"wp:attachment":[{"href":"https:\/\/www.messinaoggi.it\/website\/wp-json\/wp\/v2\/media?parent=250909"}],"wp:term":[{"taxonomy":"category","embeddable":true,"href":"https:\/\/www.messinaoggi.it\/website\/wp-json\/wp\/v2\/categories?post=250909"},{"taxonomy":"post_tag","embeddable":true,"href":"https:\/\/www.messinaoggi.it\/website\/wp-json\/wp\/v2\/tags?post=250909"}],"curies":[{"name":"wp","href":"https:\/\/api.w.org\/{rel}","templated":true}]}}