{"id":250634,"date":"2025-09-23T10:22:08","date_gmt":"2025-09-23T08:22:08","guid":{"rendered":"http:\/\/www.messinaoggi.it\/website\/?p=250634"},"modified":"2025-09-23T10:22:10","modified_gmt":"2025-09-23T08:22:10","slug":"maggiore-variabilita-ma-ancora-niente-piogge-abbondanti-in-vista","status":"publish","type":"post","link":"https:\/\/www.messinaoggi.it\/website\/2025\/09\/23\/maggiore-variabilita-ma-ancora-niente-piogge-abbondanti-in-vista\/","title":{"rendered":"Maggiore variabilit\u00e0 ma ancora niente piogge abbondanti in vista"},"content":{"rendered":"\n<p>Ieri \u00e8 iniziato ufficialmente l\u2019autunno astronomico, al termine di un\u2019estate che, nel complesso, \u00e8 stata nella media per le temperature: solo a luglio abbiamo avuto un paio di giornate canicolari, mentre dopo Ferragosto l\u2019afa si \u00e8 fatta sentire soprattutto per via del mare ancora molto caldo. Rispetto agli ultimi decenni, possiamo considerarla una delle estati meno torride.<div id=\"div-gpt-ad-Messinaoggi.it-DSK-300x250-corpoart\" style=\"text-align:center;margin:0 auto;\"><\/div><\/p>\n\n\n\n<p>Settembre ci ha regalato giornate splendide, con cieli sereni e aria di buona qualit\u00e0. In questi giorni siamo in piena media stagionale, senza alcuna ondata di calore di origine africana.<div id=\"videoincontent\" style=\"clear:both\";><\/div><\/p>\n\n\n\n<h2>La settimana che ci aspetta<\/h2>\n\n\n\n<p>Nei prossimi giorni la Francia e il Nord Italia saranno colpite da una forte perturbazione, con temporali intensi soprattutto tra Liguria e Piemonte. La Sicilia, invece, rester\u00e0 ai margini: lo scirocco in atto terr\u00e0 lontano il maltempo e sull\u2019isola avremo solo variabilit\u00e0 e qualche nuvola in pi\u00f9, in particolare mercoled\u00ec, ma senza fenomeni significativi.<\/p>\n\n\n\n<p>Le temperature rimarranno stabili, con massime intorno ai 25-26 gradi e minime sui 21-22. Nessuna ondata di calore, ma neanche fresco autunnale.<\/p>\n\n\n\n<h2>Verso il weekend<\/h2>\n\n\n\n<p>Tra sabato e domenica potrebbe passare un debole minimo di bassa pressione, capace di portare qualche isolato rovescio, ma si tratter\u00e0 di piogge sparse e irregolari, senza alcun apporto significativo.<\/p>\n\n\n\n<p>In sintesi: ci sar\u00e0 un po\u2019 pi\u00f9 di variabilit\u00e0, ma per ora nessuna perturbazione in grado di mettere fine alla siccit\u00e0.<\/p>\n\n\n\n<p>Le informazioni qui contenute sono tratte dal meteo di <strong>Alessio Campobello<\/strong>. <\/p>\n","protected":false},"excerpt":{"rendered":"<p>Ieri \u00e8 iniziato ufficialmente l\u2019autunno astronomico, al termine di un\u2019estate che, nel complesso, \u00e8 stata nella media per le temperature: solo a luglio abbiamo avuto un paio di giornate canicolari, mentre dopo Ferragosto l\u2019afa si \u00e8 fatta sentire soprattutto per via del mare ancora molto caldo. Rispetto agli ultimi decenni, possiamo considerarla una delle estati [&hellip;]<\/p>\n","protected":false},"author":15,"featured_media":250637,"comment_status":"open","ping_status":"open","sticky":false,"template":"","format":"standard","meta":{"ub_ctt_via":"","_mi_skip_tracking":false},"categories":[5,6],"tags":[1225,6300,1224],"featured_image_src":"https:\/\/www.messinaoggi.it\/website\/wp-content\/uploads\/2025\/09\/clouds_sky_blue_white_summer_day_sunny_day_sunny_sun-834040.jpgd_-e1758615721598.jpg","author_info":{"display_name":"red.me","author_link":"https:\/\/www.messinaoggi.it\/website\/author\/red-me\/"},"digistream_id":0,"digistream":false,"_links":{"self":[{"href":"https:\/\/www.messinaoggi.it\/website\/wp-json\/wp\/v2\/posts\/250634"}],"collection":[{"href":"https:\/\/www.messinaoggi.it\/website\/wp-json\/wp\/v2\/posts"}],"about":[{"href":"https:\/\/www.messinaoggi.it\/website\/wp-json\/wp\/v2\/types\/post"}],"author":[{"embeddable":true,"href":"https:\/\/www.messinaoggi.it\/website\/wp-json\/wp\/v2\/users\/15"}],"replies":[{"embeddable":true,"href":"https:\/\/www.messinaoggi.it\/website\/wp-json\/wp\/v2\/comments?post=250634"}],"version-history":[{"count":2,"href":"https:\/\/www.messinaoggi.it\/website\/wp-json\/wp\/v2\/posts\/250634\/revisions"}],"predecessor-version":[{"id":250636,"href":"https:\/\/www.messinaoggi.it\/website\/wp-json\/wp\/v2\/posts\/250634\/revisions\/250636"}],"wp:featuredmedia":[{"embeddable":true,"href":"https:\/\/www.messinaoggi.it\/website\/wp-json\/wp\/v2\/media\/250637"}],"wp:attachment":[{"href":"https:\/\/www.messinaoggi.it\/website\/wp-json\/wp\/v2\/media?parent=250634"}],"wp:term":[{"taxonomy":"category","embeddable":true,"href":"https:\/\/www.messinaoggi.it\/website\/wp-json\/wp\/v2\/categories?post=250634"},{"taxonomy":"post_tag","embeddable":true,"href":"https:\/\/www.messinaoggi.it\/website\/wp-json\/wp\/v2\/tags?post=250634"}],"curies":[{"name":"wp","href":"https:\/\/api.w.org\/{rel}","templated":true}]}}