{"id":250531,"date":"2025-09-21T18:06:26","date_gmt":"2025-09-21T16:06:26","guid":{"rendered":"https:\/\/www.messinaoggi.it\/website\/2025\/09\/21\/in-150-citta-italiane-il-messaggio-di-pace-del-5-sportcity-day\/"},"modified":"2025-09-21T18:06:26","modified_gmt":"2025-09-21T16:06:26","slug":"in-150-citta-italiane-il-messaggio-di-pace-del-5-sportcity-day","status":"publish","type":"post","link":"https:\/\/www.messinaoggi.it\/website\/2025\/09\/21\/in-150-citta-italiane-il-messaggio-di-pace-del-5-sportcity-day\/","title":{"rendered":"In 150 citt\u00e0 italiane il messaggio di pace del 5\u00b0 Sportcity Day"},"content":{"rendered":"<div>ROMA (ITALPRESS) &#8211; Il vociare dei bambini, dei giovani e meno giovani, la voglia di stare insieme, di cimentarsi nelle tante discipline proposte, di trascorrere una domenica diversa dalle altre, di regalarsi una giornata da dedicare all&#8217;attivit\u00e0 sportiva, al proprio benessere fisico e mentale tutto questo \u00e8 stata la <strong>5^ edizione dello Sportcity Day<\/strong> di cui si sono appena spenti gli echi. <strong>In oltre 500.000 in tutta Italia,<\/strong> da nord a sud riempiendo piazze, aree urbane, spazi verdi, in piccoli e grandi centri, dimostrando, stavolta pi\u00f9 che in passato, che la manifestazione ideata e organizzata dalla Fondazione Sportcity non \u00e8 soltanto un evento ma \u00e8 soprattutto un modo diverso, culturalmente rivoluzionario, di intendere lo sport. Sono state 150 le piazze che hanno fatto propri gli input del presidente Pagliara trasformando i centri storici o le aree periferiche, a seconda delle diverse esigenze, in enormi palestre a cielo aperto dove Asd, cittadini, atleti e neofiti, hanno, ancora una volta dato vita a un&#8217;esperienza collettiva che non ha eguali in Italia e probabilmente in nessuna parte del mondo.<div id=\"div-gpt-ad-Messinaoggi.it-DSK-300x250-corpoart\" style=\"text-align:center;margin:0 auto;\"><\/div><\/p>\n<p>Oltre 120 discipline sportive praticate, 75 eventi organizzati all&#8217;interno della manifestazione, oltre 900 operatori sportivi e tecnici e 1300 associazioni sportive coinvolte nella giornata che ha reso per un giorno l&#8217;Italia una vera &#8220;Repubblica del Movimento&#8221;.<br \/>\nIn questo 2025 la manifestazione ha aggiunto un ulteriore motivo di coesione e di riflessione collettiva. In un momento storico davvero complicato, nel quale gli echi di bombe e massacri sono terribilmente vicini e sconvolgono gli animi e le coscienze, lo Sportcity Day ha lanciato, da ogni location, un messaggio di pace e di unione, dimostrando che lo sport pu\u00f2 essere un potente mezzo per unire e per costituire un esempio di fratellanza. <em>&#8220;La Fondazione Sportcity<\/em> &#8211; sottolinea una nota &#8211;<em> anche oggi \u00e8 riuscita a coinvolgere non soltanto coloro che sono stati protagonisti in tuta e in scarpe da gioco, ma anche le istituzioni e gli stakeholder dello sport. I comuni hanno sostenuto fortemente l&#8217;evento e hanno messo a disposizione gli spazi urbani recitando un ruolo attivo nell&#8217;organizzazione. Anci, Coni, Cip, Sport e Salute, Mase, Athletica Vaticana, Fiamme Gialle hanno offerto alla Fondazione il proprio supporto rendendo concreta la fattibilit\u00e0 di un progetto che solo a pensarlo poteva sembrare una folle utopia&#8221;.<\/em><div id=\"videoincontent\" style=\"clear:both\";><\/div><\/p>\n<p>Emozione e soddisfazione nelle parole del presidente della Fondazione Sportcity Fabio <strong>Pagliara.<\/strong> <em>&#8220;Senza scivolare nella retorica vorrei esprimere, se possibile urlare, tutta la mia soddisfazione per quanto \u00e8 avvenuto in questa domenica che credo, possa essere un nuovo e ulteriore punto di partenza del nostro progetto. Il nostro percorso, la nostra rivoluzione culturale volta alla sportivizzazione delle citt\u00e0, oggi ha vissuto un nuovo step di crescita. Sono aumentati i numeri, \u00e8 migliorata la qualit\u00e0 delle proposte sportive offerte ai cittadini, \u00e8 aumentata la voglia di partecipare e di stare insieme. Le immagini multicolori che giungono da ogni citt\u00e0, non hanno bisogno di commenti. I volti e gli sguardi di chi ha partecipato alle attivit\u00e0 ma anche di chi \u00e8 stato semplice spettatore parlano da soli. Abbiamo innescato un circolo virtuoso che non potr\u00e0 che contagiare altri. Non ci fermeremo e la nostra macchina organizzativa \u00e8 gi\u00e0 pronta per altre iniziative ancor pi\u00f9 ambiziose. Lo Sportcity sar\u00e0 una potente leva, una base concreta per raggiungere altri ambiziosi obiettivi che renderemo noti nei prossimi mesi&#8221;.<\/em><\/p>\n<p>&#8211; Foto ufficio stampa Fondazione Sportcity &#8211;<\/p>\n<p>(ITALPRESS).<\/p><\/div>\n","protected":false},"excerpt":{"rendered":"<p>ROMA (ITALPRESS) &#8211; Il vociare dei bambini, dei giovani e meno giovani, la voglia di stare insieme, di cimentarsi nelle tante discipline proposte, di trascorrere una domenica diversa dalle altre, di regalarsi una giornata da dedicare all&#8217;attivit\u00e0 sportiva, al proprio benessere fisico e mentale tutto questo \u00e8 stata la 5^ edizione dello Sportcity Day di [&hellip;]<\/p>\n","protected":false},"author":18,"featured_media":250532,"comment_status":"closed","ping_status":"closed","sticky":false,"template":"","format":"standard","meta":{"ub_ctt_via":"","_mi_skip_tracking":false},"categories":[446],"tags":[783],"featured_image_src":"https:\/\/www.messinaoggi.it\/website\/wp-content\/uploads\/2025\/09\/20250921_0824.jpg","author_info":{"display_name":"Admin","author_link":"https:\/\/www.messinaoggi.it\/website\/author\/admin\/"},"digistream_id":0,"digistream":false,"_links":{"self":[{"href":"https:\/\/www.messinaoggi.it\/website\/wp-json\/wp\/v2\/posts\/250531"}],"collection":[{"href":"https:\/\/www.messinaoggi.it\/website\/wp-json\/wp\/v2\/posts"}],"about":[{"href":"https:\/\/www.messinaoggi.it\/website\/wp-json\/wp\/v2\/types\/post"}],"author":[{"embeddable":true,"href":"https:\/\/www.messinaoggi.it\/website\/wp-json\/wp\/v2\/users\/18"}],"replies":[{"embeddable":true,"href":"https:\/\/www.messinaoggi.it\/website\/wp-json\/wp\/v2\/comments?post=250531"}],"version-history":[{"count":0,"href":"https:\/\/www.messinaoggi.it\/website\/wp-json\/wp\/v2\/posts\/250531\/revisions"}],"wp:featuredmedia":[{"embeddable":true,"href":"https:\/\/www.messinaoggi.it\/website\/wp-json\/wp\/v2\/media\/250532"}],"wp:attachment":[{"href":"https:\/\/www.messinaoggi.it\/website\/wp-json\/wp\/v2\/media?parent=250531"}],"wp:term":[{"taxonomy":"category","embeddable":true,"href":"https:\/\/www.messinaoggi.it\/website\/wp-json\/wp\/v2\/categories?post=250531"},{"taxonomy":"post_tag","embeddable":true,"href":"https:\/\/www.messinaoggi.it\/website\/wp-json\/wp\/v2\/tags?post=250531"}],"curies":[{"name":"wp","href":"https:\/\/api.w.org\/{rel}","templated":true}]}}