{"id":250521,"date":"2025-09-21T14:06:28","date_gmt":"2025-09-21T12:06:28","guid":{"rendered":"https:\/\/www.messinaoggi.it\/website\/2025\/09\/21\/giornata-dellalzheimer-locatelli-garantire-sostegno-concreto\/"},"modified":"2025-09-21T14:06:28","modified_gmt":"2025-09-21T12:06:28","slug":"giornata-dellalzheimer-locatelli-garantire-sostegno-concreto","status":"publish","type":"post","link":"https:\/\/www.messinaoggi.it\/website\/2025\/09\/21\/giornata-dellalzheimer-locatelli-garantire-sostegno-concreto\/","title":{"rendered":"Giornata dell\u2019Alzheimer, Locatelli \u201cGarantire sostegno concreto\u201d"},"content":{"rendered":"<div>ROMA (ITALPRESS) &#8211; &#8220;Oggi, in occasione della Giornata Mondiale dell&#8217;Alzheimer, rivolgo un pensiero a tutte le persone che convivono con questa malattia e alle loro famiglie, che ogni giorno affrontano con coraggio difficolt\u00e0 e sfide complesse. Questa giornata ci ricorda quanto sia importante garantire sostegno concreto, servizi adeguati e una rete di comunit\u00e0 solidali. Fondamentale \u00e8 il lavoro quotidiano di operatori, volontari, ricercatori e associazioni che, con professionalit\u00e0 e dedizione, accompagnano pazienti e caregiver. Continuiamo insieme a promuovere consapevolezza, prevenzione e percorsi di cura e assistenza capaci di valorizzare la dignit\u00e0 di ogni persona&#8221;. Cos\u00ec in un post su Facebook il ministro per le Disabilit\u00e0, Alessandra Locatelli.<br \/>&#8211; foto Ipa agency &#8211;<br \/>(ITALPRESS).<\/div>\n<div id=\"div-gpt-ad-Messinaoggi.it-DSK-300x250-corpoart\" style=\"text-align:center;margin:0 auto;\"><\/div><\/p><div id=\"videoincontent\" style=\"clear:both\";><\/div>","protected":false},"excerpt":{"rendered":"<p>ROMA (ITALPRESS) &#8211; &#8220;Oggi, in occasione della Giornata Mondiale dell&#8217;Alzheimer, rivolgo un pensiero a tutte le persone che convivono con questa malattia e alle loro famiglie, che ogni giorno affrontano con coraggio difficolt\u00e0 e sfide complesse. Questa giornata ci ricorda quanto sia importante garantire sostegno concreto, servizi adeguati e una rete di comunit\u00e0 solidali. Fondamentale [&hellip;]<\/p>\n","protected":false},"author":18,"featured_media":250522,"comment_status":"closed","ping_status":"closed","sticky":false,"template":"","format":"standard","meta":{"ub_ctt_via":"","_mi_skip_tracking":false},"categories":[446],"tags":[783],"featured_image_src":"https:\/\/www.messinaoggi.it\/website\/wp-content\/uploads\/2025\/09\/20250921_0195.jpg","author_info":{"display_name":"Admin","author_link":"https:\/\/www.messinaoggi.it\/website\/author\/admin\/"},"digistream_id":0,"digistream":false,"_links":{"self":[{"href":"https:\/\/www.messinaoggi.it\/website\/wp-json\/wp\/v2\/posts\/250521"}],"collection":[{"href":"https:\/\/www.messinaoggi.it\/website\/wp-json\/wp\/v2\/posts"}],"about":[{"href":"https:\/\/www.messinaoggi.it\/website\/wp-json\/wp\/v2\/types\/post"}],"author":[{"embeddable":true,"href":"https:\/\/www.messinaoggi.it\/website\/wp-json\/wp\/v2\/users\/18"}],"replies":[{"embeddable":true,"href":"https:\/\/www.messinaoggi.it\/website\/wp-json\/wp\/v2\/comments?post=250521"}],"version-history":[{"count":0,"href":"https:\/\/www.messinaoggi.it\/website\/wp-json\/wp\/v2\/posts\/250521\/revisions"}],"wp:featuredmedia":[{"embeddable":true,"href":"https:\/\/www.messinaoggi.it\/website\/wp-json\/wp\/v2\/media\/250522"}],"wp:attachment":[{"href":"https:\/\/www.messinaoggi.it\/website\/wp-json\/wp\/v2\/media?parent=250521"}],"wp:term":[{"taxonomy":"category","embeddable":true,"href":"https:\/\/www.messinaoggi.it\/website\/wp-json\/wp\/v2\/categories?post=250521"},{"taxonomy":"post_tag","embeddable":true,"href":"https:\/\/www.messinaoggi.it\/website\/wp-json\/wp\/v2\/tags?post=250521"}],"curies":[{"name":"wp","href":"https:\/\/api.w.org\/{rel}","templated":true}]}}