{"id":250515,"date":"2025-09-21T12:06:29","date_gmt":"2025-09-21T10:06:29","guid":{"rendered":"https:\/\/www.messinaoggi.it\/website\/2025\/09\/21\/mattarella-capodanno-ebraico-richiama-a-valori-della-pace-no-violenza\/"},"modified":"2025-09-21T12:06:29","modified_gmt":"2025-09-21T10:06:29","slug":"mattarella-capodanno-ebraico-richiama-a-valori-della-pace-no-violenza","status":"publish","type":"post","link":"https:\/\/www.messinaoggi.it\/website\/2025\/09\/21\/mattarella-capodanno-ebraico-richiama-a-valori-della-pace-no-violenza\/","title":{"rendered":"Mattarella \u201cCapodanno ebraico richiama a valori della pace, no violenza\u201d"},"content":{"rendered":"<div>ROMA (ITALPRESS) &#8211; &#8220;In occasione del Capodanno Ebraico &#8211; Rosh haShan\u00e0 &#8211; giungano ai concittadini delle comunit\u00e0 ebraiche italiane gli auguri pi\u00f9 intensi. Si tratta di una ricorrenza che richiama ai valori di una convivenza basata sul rispetto reciproco, la solidariet\u00e0, la pace, propri alla Repubblica. Un messaggio di speranza e rigenerazione che interroga severamente gli accadimenti attuali, invitando a respingere con fermezza ogni forma di violenza, intolleranza, discriminazione, che colpisca la dignit\u00e0 delle persone, la libert\u00e0, la vita umana e ignori le ragioni e le necessit\u00e0 altrui&#8221;. Lo afferma il presidente della Repubblica, Sergio Mattarella, aggiungendo: &#8220;Auguro che questa festa possa portare a una riflessione profonda nella comunit\u00e0 nazionale, per un percorso che rechi fiducia, serenit\u00e0 e concordia, a beneficio dell&#8217;intera collettivit\u00e0 nazionale e internazionale&#8221;.<br \/>&#8211; foto ufficio stampa Quirinale &#8211;<br \/>(ITALPRESS).<\/div>\n<div id=\"div-gpt-ad-Messinaoggi.it-DSK-300x250-corpoart\" style=\"text-align:center;margin:0 auto;\"><\/div><\/p><div id=\"videoincontent\" style=\"clear:both\";><\/div>","protected":false},"excerpt":{"rendered":"<p>ROMA (ITALPRESS) &#8211; &#8220;In occasione del Capodanno Ebraico &#8211; Rosh haShan\u00e0 &#8211; giungano ai concittadini delle comunit\u00e0 ebraiche italiane gli auguri pi\u00f9 intensi. Si tratta di una ricorrenza che richiama ai valori di una convivenza basata sul rispetto reciproco, la solidariet\u00e0, la pace, propri alla Repubblica. Un messaggio di speranza e rigenerazione che interroga severamente [&hellip;]<\/p>\n","protected":false},"author":18,"featured_media":250516,"comment_status":"closed","ping_status":"closed","sticky":false,"template":"","format":"standard","meta":{"ub_ctt_via":"","_mi_skip_tracking":false},"categories":[446],"tags":[783],"featured_image_src":"https:\/\/www.messinaoggi.it\/website\/wp-content\/uploads\/2025\/09\/20250921_0138.jpg","author_info":{"display_name":"Admin","author_link":"https:\/\/www.messinaoggi.it\/website\/author\/admin\/"},"digistream_id":0,"digistream":false,"_links":{"self":[{"href":"https:\/\/www.messinaoggi.it\/website\/wp-json\/wp\/v2\/posts\/250515"}],"collection":[{"href":"https:\/\/www.messinaoggi.it\/website\/wp-json\/wp\/v2\/posts"}],"about":[{"href":"https:\/\/www.messinaoggi.it\/website\/wp-json\/wp\/v2\/types\/post"}],"author":[{"embeddable":true,"href":"https:\/\/www.messinaoggi.it\/website\/wp-json\/wp\/v2\/users\/18"}],"replies":[{"embeddable":true,"href":"https:\/\/www.messinaoggi.it\/website\/wp-json\/wp\/v2\/comments?post=250515"}],"version-history":[{"count":0,"href":"https:\/\/www.messinaoggi.it\/website\/wp-json\/wp\/v2\/posts\/250515\/revisions"}],"wp:featuredmedia":[{"embeddable":true,"href":"https:\/\/www.messinaoggi.it\/website\/wp-json\/wp\/v2\/media\/250516"}],"wp:attachment":[{"href":"https:\/\/www.messinaoggi.it\/website\/wp-json\/wp\/v2\/media?parent=250515"}],"wp:term":[{"taxonomy":"category","embeddable":true,"href":"https:\/\/www.messinaoggi.it\/website\/wp-json\/wp\/v2\/categories?post=250515"},{"taxonomy":"post_tag","embeddable":true,"href":"https:\/\/www.messinaoggi.it\/website\/wp-json\/wp\/v2\/tags?post=250515"}],"curies":[{"name":"wp","href":"https:\/\/api.w.org\/{rel}","templated":true}]}}