{"id":250513,"date":"2025-09-21T12:06:27","date_gmt":"2025-09-21T10:06:27","guid":{"rendered":"https:\/\/www.messinaoggi.it\/website\/2025\/09\/21\/nordio-evitiamo-un-referendum-pro-o-contro-i-giudici\/"},"modified":"2025-09-21T12:06:27","modified_gmt":"2025-09-21T10:06:27","slug":"nordio-evitiamo-un-referendum-pro-o-contro-i-giudici","status":"publish","type":"post","link":"https:\/\/www.messinaoggi.it\/website\/2025\/09\/21\/nordio-evitiamo-un-referendum-pro-o-contro-i-giudici\/","title":{"rendered":"Nordio \u201cEvitiamo un referendum pro o contro i giudici\u201d"},"content":{"rendered":"<div>ROMA (ITALPRESS) &#8211; &#8220;Far\u00f2 di tutto per evitare che sia un referendum pro o contro i giudici&#8221;. Cos\u00ec, in una intervista al Corriere della Sera, il ministro della Giustizia, Carlo Nordio, sulla riforma del sistema giudiziario.<br \/>&#8220;L&#8217;equilibrio dei poteri costituzionali, tra legislativo e giudiziario &#8211; spiega -, rimane inalterato e la magistratura requirente e giudicante mantiene intatta la sua autonomia e indipendenza&#8221;. &#8220;Dall&#8217;inizio abbiamo detto che separazione delle carriere e sorteggio per il Csm erano nel programma elettorale e non si toccavano, ma sul resto eravamo aperti &#8211; sottolinea Nordio -. La magistratura ha risposto con uno sciopero e l&#8217;opposizione ha perso dei mesi per audizioni di giuristi contrari alla riforma, quando si potevano acquisire i loro scritti, autorevolissimi e ben argomentati, dedicando il tempo risparmiato per un confronto serio. La realt\u00e0 \u00e8 un&#8217;altra. Si volevano sforare i termini della doppia lettura costituzionale. Non siamo caduti nel tranello e siamo andati avanti da soli&#8221;. Secondo Nordio, i sondaggi sul referendum &#8220;sono attualmente a nostro netto favore, ma questo non significa nulla, non bisogna dare nulla per scontato. Piuttosto dobbiamo spiegare agli italiani, in modo chiaro, pacato e civile il significato di questa riforma&#8221;. &#8220;Ma comunque far\u00f2 di tutto per evitare che sia un referendum pro o contro i giudici, io &#8211; puntualizza -. Perch\u00e8 \u00e8 il Pd purtroppo che ha gi\u00e0 fatto una chiamata alle armi ai magistrati con il discorso di Franceschini in Parlamento. Ma questo \u00e8 pericolosissimo. Se vincessero loro, con il &#8216;n\u00f2 alla riforma, i magistrati rivendicherebbero il successo e la politica sarebbe di nuovo subalterna alle procure, come \u00e8 da trent&#8217;anni. Se perdessero, la magistratura ne uscirebbe umiliata ed esposta nella credibilit\u00e0 della sua indipendenza dalla politica. Le sconfitte politiche non sono indolori&#8221;. Per il ministro della Giustizia &#8220;non \u00e8 affatto una riforma punitiva per i magistrati. Anzi li libera dai vincoli delle correnti&#8221;. <br \/>&#8211; foto Ipa agency &#8211;<br \/>(ITALPRESS).<\/div>\n<div id=\"div-gpt-ad-Messinaoggi.it-DSK-300x250-corpoart\" style=\"text-align:center;margin:0 auto;\"><\/div><\/p><div id=\"videoincontent\" style=\"clear:both\";><\/div>","protected":false},"excerpt":{"rendered":"<p>ROMA (ITALPRESS) &#8211; &#8220;Far\u00f2 di tutto per evitare che sia un referendum pro o contro i giudici&#8221;. Cos\u00ec, in una intervista al Corriere della Sera, il ministro della Giustizia, Carlo Nordio, sulla riforma del sistema giudiziario.&#8220;L&#8217;equilibrio dei poteri costituzionali, tra legislativo e giudiziario &#8211; spiega -, rimane inalterato e la magistratura requirente e giudicante mantiene [&hellip;]<\/p>\n","protected":false},"author":18,"featured_media":250514,"comment_status":"closed","ping_status":"closed","sticky":false,"template":"","format":"standard","meta":{"ub_ctt_via":"","_mi_skip_tracking":false},"categories":[446],"tags":[783],"featured_image_src":"https:\/\/www.messinaoggi.it\/website\/wp-content\/uploads\/2025\/09\/20250921_0122.jpg","author_info":{"display_name":"Admin","author_link":"https:\/\/www.messinaoggi.it\/website\/author\/admin\/"},"digistream_id":0,"digistream":false,"_links":{"self":[{"href":"https:\/\/www.messinaoggi.it\/website\/wp-json\/wp\/v2\/posts\/250513"}],"collection":[{"href":"https:\/\/www.messinaoggi.it\/website\/wp-json\/wp\/v2\/posts"}],"about":[{"href":"https:\/\/www.messinaoggi.it\/website\/wp-json\/wp\/v2\/types\/post"}],"author":[{"embeddable":true,"href":"https:\/\/www.messinaoggi.it\/website\/wp-json\/wp\/v2\/users\/18"}],"replies":[{"embeddable":true,"href":"https:\/\/www.messinaoggi.it\/website\/wp-json\/wp\/v2\/comments?post=250513"}],"version-history":[{"count":0,"href":"https:\/\/www.messinaoggi.it\/website\/wp-json\/wp\/v2\/posts\/250513\/revisions"}],"wp:featuredmedia":[{"embeddable":true,"href":"https:\/\/www.messinaoggi.it\/website\/wp-json\/wp\/v2\/media\/250514"}],"wp:attachment":[{"href":"https:\/\/www.messinaoggi.it\/website\/wp-json\/wp\/v2\/media?parent=250513"}],"wp:term":[{"taxonomy":"category","embeddable":true,"href":"https:\/\/www.messinaoggi.it\/website\/wp-json\/wp\/v2\/categories?post=250513"},{"taxonomy":"post_tag","embeddable":true,"href":"https:\/\/www.messinaoggi.it\/website\/wp-json\/wp\/v2\/tags?post=250513"}],"curies":[{"name":"wp","href":"https:\/\/api.w.org\/{rel}","templated":true}]}}