{"id":250511,"date":"2025-09-21T10:06:26","date_gmt":"2025-09-21T08:06:26","guid":{"rendered":"https:\/\/www.messinaoggi.it\/website\/2025\/09\/21\/von-der-leyen-faro-di-tutto-per-leuropa-libera\/"},"modified":"2025-09-21T10:06:26","modified_gmt":"2025-09-21T08:06:26","slug":"von-der-leyen-faro-di-tutto-per-leuropa-libera","status":"publish","type":"post","link":"https:\/\/www.messinaoggi.it\/website\/2025\/09\/21\/von-der-leyen-faro-di-tutto-per-leuropa-libera\/","title":{"rendered":"Von der Leyen \u201cFar\u00f2 di tutto per l\u2019Europa libera\u201d"},"content":{"rendered":"<div>ROMA (ITALPRESS) &#8211; Non stiamo andando verso la Terza guerra mondiale, &#8216;ma viviamo in tempi molto pericolosi. Far\u00f2 tutto quello che \u00e8 in mio potere per mantenere la pace e la libert\u00e0 in Europa. E&#8217; proprio per questo che stiamo rafforzando le nostre capacit\u00e0 di difesa con cos\u00ec tanta determinazione. In un mondo sempre pi\u00f9 ostile, dobbiamo fare tutto il possibile per salvaguardare la democrazia, la prosperit\u00e0 e la pac\u00e8. Cos\u00ec, in una intervista a la Repubblica, la presidente della Commissione europea Ursula von der Leyen.<br \/>&#8216;L&#8217;Unione europea &#8211; spiega &#8211; \u00e8 responsabile del mercato unico per le sue industrie, per la ricerca e innovazione e per le Pmi, tra cui rientra anche la base industriale della difesa. Noi ci assumiamo le nostre responsabilit\u00e0 per proteggere l&#8217;Unione. Dobbiamo fare i conti con la realt\u00e0: il mondo \u00e8 profondamente cambiato e bisogna prepararsi a raccogliere le sfide che ci porr\u00e0. Questo significa dimostrare a noi stessi, ai nostri alleati e ai nostri avversari che l&#8217;Europa intende difendersi ed \u00e8 in grado di farlo. E pensando alle molteplici iniziative che abbiamo preso &#8211; per la nostra sicurezza energetica, per la nostra prontezza alla difesa &#8211; dopo l&#8217;invasione dell&#8217;Ucraina da parte della Russia nel 2022, siamo sulla buona strad\u00e0.<br \/>&#8216;Gli incidenti, in particolare quello che si \u00e8 verificato in Polonia, sono estremamente significativi &#8211; sottolinea la presidente Ursula von der Leyen -. Se \u00e8 vero che la Nato deve rimanere il fulcro della nostra difesa collettiva, \u00e8 anche vero che abbiamo bisogno di un pilastro europeo molto pi\u00f9 forte. L&#8217;Europa deve essere pi\u00f9 autosufficiente e indipendente in fatto di sicurezza. Per questo abbiamo avviato il programma &#8216;Prontezza per il 2030&#8217;, con il quale intendiamo colmare le carenze di capacit\u00e0, accelerare le procedure e mobilizzare fino a 800 miliardi di euro per l&#8217;industria della difesa. Proteggeremo ogni centimetro dell&#8217;Unione europe\u00e0. &#8216;A scanso di equivoci &#8211; aggiunge &#8211; agli Stati membri spetter\u00e0 sempre la competenza delle proprie truppe, dalla dottrina al dispiegamento, ad esempio, e della definizione del fabbisogno delle loro forze armate. Non dobbiamo dimenticare che 30 dei 32 paesi della Nato sono europei. Perci\u00f2, rafforzando il pilastro europeo della Nato, potenziamo anche le capacit\u00e0 militari dell&#8217;Europa e la sua capacit\u00e0 di difenders\u00ec.<br \/>&#8216;L&#8217;interferenza con i sistemi Gps \u00e8 diventato un problema quotidiano in molte regioni confinanti con la Russia &#8211; dichiara<br \/>Ursula von der Leyen -. Il traffico marittimo nel Mar Baltico \u00e8 costantemente interessato da perturbazioni, con un aumento del rischio di collisioni. Lo stesso vale per il traffico aereo sul Mar Nero. La Russia sembra essere disposta ad accettare che prima o poi ci saranno incidenti mortali. E&#8217; una questione che prendiamo molto sul serio, come del resto tutti gli attacchi ibridi e informatici della Russia all&#8217;Unione, perch\u00e8 questi attacchi mostrano chiaramente che le ambizioni della Russia non si fermano all&#8217;Ucraina. L&#8217;unico percorso dell&#8217;Europa verso la sicurezza e la stabilit\u00e0 passa da una deterrenza forte e credibil\u00e8. <br \/>&#8216;L&#8217;Europa &#8211; prosegue &#8211; \u00e8 determinata a rafforzare la propria sicurezza energetica: stiamo realizzando una solida base di energia pulitada fonti rinnovabili interne, riducendo nel contempo, o persino eliminando, la nostra dipendenza strategica da fornitori inaffidabili. Stiamo accelerando la graduale eliminazione dei combustibili fossili russi e stiamo realizzando massicci investimenti nelle energie rinnovabili prodotte in Europa, usando il nucleare per il carico di base. Oggi gi\u00e0 prendiamo oltre il 70% dell&#8217;energia elettrica da fonti a basse emissioni di carbonio. Solo nella prima met\u00e0 del 2025 gli investimenti nell&#8217;energia eolica europea hanno raggiunto un massimo storico di oltre 40 miliardi di euro. Ma la sicurezza energetica non significa totale indipendenza: la prospettiva di una piena autonomia dai mercati globali non \u00e8 n\u00e8 realistica n\u00e8 auspicabile. L&#8217;Ue rimane interconnessa e le importazioni di petrolio, Gnl e, eventualmente, idrogeno continueranno a far parte del mix energetico. Sotto questo aspetto gli Stati Uniti sono un partner affidabile e un elemento essenziale della nostra pi\u00f9 ampia strategia di diversificazione. Questa visione si \u00e8 concretizzata nell&#8217;accordo commerciale Ue-Usa. Va precisato che i numeri aggregati citati riguardano un periodo di quattro anni e non rappresentano impegni vincolanti. In definitiva spetta alle stesse imprese europee decidere se e quanto acquistare &#8211; o investire &#8211; negli Stati Unit\u00ec.<br \/>Alla domanda su come dovrebbe rispondere l&#8217;Ue a Trump, che ha chiesto di imporre dazi del 100% all&#8217;India e alla Cina, risponde: &#8216;L&#8217;Ue decider\u00e0 in autonomia. La richiesta nasceva dall&#8217;interesse del Presidente ad aumentare la pressione sulla Russia perch\u00e8 ponesse fine all&#8217;aggressione nei confronti dell&#8217;Ucraina e per indurla a sedersi al tavolo dei negoziati. Per questo ho appena proposto il 19\u00ba pacchetto di sanzioni sostanziali e di ampia portata. Naturalmente continueremo a coordinare i nostri sforzi su entrambe le sponde dell&#8217;Atlantico e all&#8217;interno del G7 e accogliamo con favore gli sforzi compiuti dagli Stati Uniti per porre fine alla guerra in Ucraina. Sappiamo anche che, in questo contesto geopolitico sempre pi\u00f9 complesso, dobbiamo rafforzare i partenariati radicati nell&#8217;interesse comune. Pensi alle nostre relazioni con l&#8217;India. Man mano che il paese assume un ruolo sempre pi\u00f9 importante in termini di sicurezza nella regione indo-pacifica, una pi\u00f9 stretta cooperazione Ue-India \u00e8 pi\u00f9 che mai essenziale. Per questo abbiamo annunciato una nuova agenda strategica Ue-India, che individua, tra le priorit\u00e0, il rafforzamento della difesa e della sicurezza reciproche. Intendiamo concludere un nuovo accordo di libero scambio entro la fine del 2025, a vantaggio delle imprese europee e indiane. Accordi come questo rafforzano la nostra posizione geopolitica e ci mettono nelle condizioni di conseguire i nostri obiettiv\u00ec.<br \/>&#8216;I dazi &#8211; ricorda &#8211; sono tasse. La maggior parte degli economisti \u00e8 del parere che ricadranno sulle imprese e sui consumatori statunitensi. La nostra priorit\u00e0 \u00e8 garantire che le imprese europee continuino ad avere accesso a un mercato significativo. Ogni anno l&#8217;Unione esporta verso gli Stati Uniti merci per un valore di oltre 500 miliardi di euro. Si tratta di scambi commerciali da cui dipendono milioni di posti di lavoro. Grazie a una tariffa onnicomprensiva con un massimale del 15% le nostre imprese si troveranno in una posizione di forza rispetto ai concorrenti mondiali. Ci siamo assicurati l&#8217;accordo migliore tra tutti quelli conclusi finora con gli Stati Uniti. E non dimentichiamo: l&#8217;alternativa sarebbe stata una guerra commerciale con il nostro partner commerciale pi\u00f9 importante in un momento in cui l&#8217;Europa \u00e8 in preda a sconvolgimenti economici e deve fronteggiare gravi minacce alle sue frontiere. Non metter\u00f2 mai a repentaglio i posti di lavoro o i mezzi di sussistenza delle person\u00e8. &#8220;Riusciremo a conciliare decarbonizzazione e neutralit\u00e0 tecnologica&#8221;, ribadisce la Presidente della Commissione europea, che aggiunge: &#8216;Il riesame delle norme in materia CO2, che \u00e8 parte integrante dell&#8217;atto approvato dai legislatori europei, terr\u00e0 conto dell&#8217;obiettivo di neutralit\u00e0 tecnologica. Il riesame \u00e8 iniziato prima della pausa estiva e, a seguito della consultazione pubblica attualmente in corso, verr\u00e0 effettuata una valutazione d&#8217;impatto. Sono determinata a ultimare il riesame entro la fine dell&#8217;anno. E a quel punto i primi i portatori di interessi con cui discuteremo saranno quelli del settore automobilistico. Sono fiduciosa che entro tale data saremo in grado di garantire prevedibilit\u00e0 per questo importante settor\u00e8.<br \/>&#8216;Non \u00e8 possibile operare una scelta netta, trattandosi di questioni che sono troppo profondamente interconnesse &#8211; sottolinea -. Ad esempio: se trascuriamo la competitivit\u00e0 e l&#8217;adozione delle misure economiche necessarie, perderemo i mezzi per finanziare la transizione verso la neutralit\u00e0 in termini di emissioni di carbonio. Se non diamo il giusto peso alla transizione verso l&#8217;energia pulita, avvalendoci, ad esempio, delle energie rinnovabili e del nucleare, non riusciremo a eliminare la nostra eccessiva dipendenza dalla volatilit\u00e0 del mercato mondiale dei combustibili fossili. Se trascuriamo il clima, rischiamo di distruggere le fondamenta della nostra stabilit\u00e0 economica &#8211; sia ora che in prospettiva futura. Basta guardare a ci\u00f2 che \u00e8 accaduto quest&#8217;estate. Un quarto delle regioni dell&#8217;Unione europea \u00e8 stato colpito da siccit\u00e0, inondazioni e altri eventi meteorologici estremi. In queste regioni, solo nell&#8217;anno in corso, il Pil diminuir\u00e0 di circa 43 miliardi di euro. La Bce prevede che, in assenza di interventi immediati, le perdite annue arriveranno a 126 miliardi di euro entro il 2029. In altri termini: un&#8217;economia sana dipende da un ambiente sano. La buona notizia \u00e8 che i nostri successi possono avere ricadute positive sui settori menzionati. Gli investimenti nelle tecnologie pulite sono positivi per il clima e per l&#8217;industria. L&#8217;indipendenza energetica rafforza la difesa europea, e cos\u00ec via. In tal modo, le nostre priorit\u00e0 finiscono per rafforzarsi a vicend\u00e0.<br \/>Poi, alla domanda se ritiene che la sua posizione sia indebolita dalle ripetute mozioni di censura al Parlamento europeo, risponde: &#8216;Ciascuna delle istituzioni ha le proprie responsabilit\u00e0. Personalmente agisco nell&#8217;interesse superiore di tutti gli europei. Gli esponenti dell&#8217;estrema destra e dell&#8217;estrema sinistra hanno tutto il diritto di valutare le cose in modo diverso e di esercitare le rispettive prerogative parlamentari. Non spetta a me formulare osservazioni in proposito. Sono profondamente convinta che l&#8217;Europa possa superare tutte le sfide se d\u00e0 prova di unit\u00e0 &#8211; tra i partiti, gli Stati membri e le istituzioni dell&#8217;Ue. Collaboro con le forze democratiche europeiste del Parlamento europeo per ottenere risultati a beneficio dei nostri cittadin\u00ec. &#8216;Sono pienamente impegnata ad assolvere le funzioni di presidente della Commissione e non sono disponibile ad assumere altri incarich\u00ec, aggiunge. <br \/>Ed in merito al fronte Medio Oriente, su cosa potr\u00e0 fare la Commissione di fronte a ci\u00f2 che sta accadendo a Gaza, dichiara: &#8216;Dobbiamo garantire una reale sicurezza a Israele e, allo stesso modo, un presente e un futuro sicuri per tutti i palestinesi.<br \/>Ci\u00f2 significa che gli ostaggi devono essere liberati. Che deve essere garantito un accesso senza restrizioni per tutti gli aiuti umanitari e deve essere instaurato un cessate il fuoco immediato. Per quanto riguarda il lungo termine, tuttavia, la mia posizione \u00e8 chiarissima: la soluzione fondata sulla coesistenza di due Stati \u00e8 l&#8217;unica prospettiva in grado di garantire nella regione una pace sostenibile a lungo termine. Abbiamo bisogno di uno Stato di Israele sicuro e di un&#8217;autorit\u00e0 palestinese vitale; non ci deve essere spazio per gli estremismi e la piaga di Hamas deve essere eliminata. So benissimo quanto gli atroci attacchi del 7 ottobre da parte di terroristi di Hamas abbiano scosso in profondit\u00e0 la nazione di Israele. Tuttavia i recenti sviluppi &#8211; una carestia provocata dall&#8217;uomo e il soffocamento finanziario dell&#8217;Autorit\u00e0 palestinese &#8211; sono fonte di notevole preoccupazione. I piani per un progetto di insediamento nella cosiddetta zona E1, se realizzati, determinerebbero di fatto una separazione tra la Cisgiordania occupata e Gerusalemme Est. Gli interventi messi in atto dal governo di Israele negli ultimi mesi costituiscono un chiaro tentativo di sabotare la soluzione fondata sulla coesistenza di due Stati. Per questo motivo la Commissione ha deciso di agire e ha proposto un pacchetto di misure mirate e proporzionate che tracciano la via da seguire. Abbiamo proposto di ampliare il nostro regime di sanzioni per colpire altri terroristi di Hamas, jihadisti palestinesi e coloni violenti. Abbiamo proposto di interrompere in parte il nostro sostegno diretto al governo israeliano, senza tuttavia compromettere la collaborazione con la societ\u00e0 civile israeliana o il popolo israeliano o la nostra intangibile determinazione a proseguire la lotta contro l&#8217;antisemitismo in tutte le sue forme. Abbiamo altres\u00ec proposto di sospendere le disposizioni dell&#8217;accordo di associazione relative alle questioni commerciali. Mi auguro che questo invito alla ragionevolezza non resti inascoltato e che sia possibile trovare una via di uscita dall&#8217;attuale situazione di stallo, senza ulteriori perdite di vite umane e senza che siano ulteriormente compromesse le prospettive di un futuro pi\u00f9 pacifico sia per gli israeliani che per i palestines\u00ec. Ed infine, per quanto riguarda le raccomandazioni formulate nella relazione Draghi, dice: &#8216;La Commissione \u00e8 in carica da nove mesi. Fin dall&#8217;inizio ha posto la competitivit\u00e0 europea al centro della sua agenda. A gennaio ha varato il patto per l&#8217;industria pulita. A febbraio ha avviato le gigafabbriche di IA. A marzo ha lanciato il pi\u00f9 grande programma di investimenti nel settore della difesa nella storia europea, insieme all&#8217;Unione dei mercati dei capitali. Potrei andare avanti, citando i pacchetti di semplificazione e gli accordi commerciali. E ogni mese annunciamo nuove iniziative. E&#8217; un fatto incontestabile: in un brevissimo lasso di tempo abbiamo varato moltissime iniziative. Sono ora il Parlamento e gli Stati membri a dover agire. Urgenza e unit\u00e0, ci\u00f2 di cui abbiamo bisogno in questo moment\u00f2.<br \/>&#8211; foto Ipa agency &#8211;<br \/>(ITALPRESS).<\/div>\n<div id=\"div-gpt-ad-Messinaoggi.it-DSK-300x250-corpoart\" style=\"text-align:center;margin:0 auto;\"><\/div><\/p><div id=\"videoincontent\" style=\"clear:both\";><\/div>","protected":false},"excerpt":{"rendered":"<p>ROMA (ITALPRESS) &#8211; Non stiamo andando verso la Terza guerra mondiale, &#8216;ma viviamo in tempi molto pericolosi. Far\u00f2 tutto quello che \u00e8 in mio potere per mantenere la pace e la libert\u00e0 in Europa. E&#8217; proprio per questo che stiamo rafforzando le nostre capacit\u00e0 di difesa con cos\u00ec tanta determinazione. In un mondo sempre pi\u00f9 [&hellip;]<\/p>\n","protected":false},"author":18,"featured_media":250512,"comment_status":"closed","ping_status":"closed","sticky":false,"template":"","format":"standard","meta":{"ub_ctt_via":"","_mi_skip_tracking":false},"categories":[446],"tags":[783],"featured_image_src":"https:\/\/www.messinaoggi.it\/website\/wp-content\/uploads\/2025\/09\/20250921_0117.jpg","author_info":{"display_name":"Admin","author_link":"https:\/\/www.messinaoggi.it\/website\/author\/admin\/"},"digistream_id":0,"digistream":false,"_links":{"self":[{"href":"https:\/\/www.messinaoggi.it\/website\/wp-json\/wp\/v2\/posts\/250511"}],"collection":[{"href":"https:\/\/www.messinaoggi.it\/website\/wp-json\/wp\/v2\/posts"}],"about":[{"href":"https:\/\/www.messinaoggi.it\/website\/wp-json\/wp\/v2\/types\/post"}],"author":[{"embeddable":true,"href":"https:\/\/www.messinaoggi.it\/website\/wp-json\/wp\/v2\/users\/18"}],"replies":[{"embeddable":true,"href":"https:\/\/www.messinaoggi.it\/website\/wp-json\/wp\/v2\/comments?post=250511"}],"version-history":[{"count":0,"href":"https:\/\/www.messinaoggi.it\/website\/wp-json\/wp\/v2\/posts\/250511\/revisions"}],"wp:featuredmedia":[{"embeddable":true,"href":"https:\/\/www.messinaoggi.it\/website\/wp-json\/wp\/v2\/media\/250512"}],"wp:attachment":[{"href":"https:\/\/www.messinaoggi.it\/website\/wp-json\/wp\/v2\/media?parent=250511"}],"wp:term":[{"taxonomy":"category","embeddable":true,"href":"https:\/\/www.messinaoggi.it\/website\/wp-json\/wp\/v2\/categories?post=250511"},{"taxonomy":"post_tag","embeddable":true,"href":"https:\/\/www.messinaoggi.it\/website\/wp-json\/wp\/v2\/tags?post=250511"}],"curies":[{"name":"wp","href":"https:\/\/api.w.org\/{rel}","templated":true}]}}