{"id":250495,"date":"2025-09-20T15:06:27","date_gmt":"2025-09-20T13:06:27","guid":{"rendered":"https:\/\/www.messinaoggi.it\/website\/2025\/09\/20\/chivu-il-rumore-dei-nemici-fa-parte-del-gioco-lautaro-ce\/"},"modified":"2025-09-20T15:06:27","modified_gmt":"2025-09-20T13:06:27","slug":"chivu-il-rumore-dei-nemici-fa-parte-del-gioco-lautaro-ce","status":"publish","type":"post","link":"https:\/\/www.messinaoggi.it\/website\/2025\/09\/20\/chivu-il-rumore-dei-nemici-fa-parte-del-gioco-lautaro-ce\/","title":{"rendered":"Chivu \u201cIl rumore dei nemici fa parte del gioco, Lautaro c\u2019\u00e8\u201d"},"content":{"rendered":"<div>MILANO (ITALPRESS) &#8211; <em>&#8220;Il rumore dei nemici fa parte del gioco, \u00e8 sempre stato d&#8217;attualit\u00e0. Ho mille altre cose a cui pensare. Tiro avanti per la mia strada, sono preso dalle cose da fare per aiutare i ragazzi. La squadra merita di essere difesa perch\u00e8 \u00e8 forte. A marzo tutto il mondo ne parlava e poi c&#8217;\u00e8 stata qualche disgrazia. Non dobbiamo mai dimenticare che la squadra ha fatto una stagione con attributi e qualit\u00e0. Ha mille altri aggettivi che non voglio citare. Mi permette di stare sereno e tranquillo&#8221;.<\/em> Cos\u00ec <strong>Cristian Chivu, tecnico dell&#8217;Inter,<\/strong> in conferenza stampa in vista della sfida con il<strong> Sassuolo, in programma domani alle 20.45 a San Siro<\/strong>.<div id=\"div-gpt-ad-Messinaoggi.it-DSK-300x250-corpoart\" style=\"text-align:center;margin:0 auto;\"><\/div><\/p>\n<p><em>&#8220;La maturit\u00e0 deve essere abbinata alla concretezza e al gioco per portare a casa il risultato<\/em> &#8211; ha sottolineato l&#8217;allenatore nerazzurro -. <em>Lautaro? Oggi si \u00e8 allenato con noi, si \u00e8 messo a disposizione. Un capitano deve fare questo, mi fa piacere che non si \u00e8 mai tirato indietro. Mercoled\u00ec non riusciva a camminare ed \u00e8 venuto con noi in panchina&#8221;<\/em>.<div id=\"videoincontent\" style=\"clear:both\";><\/div><\/p>\n<p>Poi un simpatico siparietto: <strong><em>&#8220;Se gioca Josep Martinez? Un Martinez giocher\u00e0&#8221;<\/em><\/strong>, ha detto ridendo. Chivu ha poi parlato anche degli avversari, i neroverdi di Grosso: <em>&#8220;Loro sono una squadra preparata e insidiosa e ci pu\u00f2 mettere in difficolt\u00e0. Bisogna essere pronti sotto tutti i punti di vista&#8221;.<\/em><\/p>\n<p>Sulla gestione del gruppo: &#8220;<em>Quello che ho sempre detto, \u00e8 la meritocrazia che conta. Il primo undici \u00e8 importante e sono pi\u00f9 importanti anche i cambi perch\u00e8 spostano l&#8217;andatura della partita. A Torino l&#8217;avevamo ribaltata con i cambi e voglio premiare l&#8217;atteggiamento della squadra. L&#8217;opportunit\u00e0 arriver\u00e0 sempre. Prima o poi tutti avranno opportunit\u00e0 di giocare e di subentrare. Tengo sempre presente questo e questa sensibilit\u00e0&#8221;<\/em>. Infine, su <strong>Calhanoglu<\/strong>: <em>&#8220;Per noi \u00e8 importante il valore che oggi ci d\u00e0 in mezzo al campo, \u00e8 fondamentale&#8221;.<br \/>\n<\/em><br \/>\n&#8211; Foto: Ipa Agency &#8211;<br \/>\n(ITALPRESS).<\/div>\n","protected":false},"excerpt":{"rendered":"<p>MILANO (ITALPRESS) &#8211; &#8220;Il rumore dei nemici fa parte del gioco, \u00e8 sempre stato d&#8217;attualit\u00e0. Ho mille altre cose a cui pensare. Tiro avanti per la mia strada, sono preso dalle cose da fare per aiutare i ragazzi. La squadra merita di essere difesa perch\u00e8 \u00e8 forte. A marzo tutto il mondo ne parlava e [&hellip;]<\/p>\n","protected":false},"author":18,"featured_media":250496,"comment_status":"closed","ping_status":"closed","sticky":false,"template":"","format":"standard","meta":{"ub_ctt_via":"","_mi_skip_tracking":false},"categories":[446],"tags":[783],"featured_image_src":"https:\/\/www.messinaoggi.it\/website\/wp-content\/uploads\/2025\/09\/20250920_0942.jpg","author_info":{"display_name":"Admin","author_link":"https:\/\/www.messinaoggi.it\/website\/author\/admin\/"},"digistream_id":0,"digistream":false,"_links":{"self":[{"href":"https:\/\/www.messinaoggi.it\/website\/wp-json\/wp\/v2\/posts\/250495"}],"collection":[{"href":"https:\/\/www.messinaoggi.it\/website\/wp-json\/wp\/v2\/posts"}],"about":[{"href":"https:\/\/www.messinaoggi.it\/website\/wp-json\/wp\/v2\/types\/post"}],"author":[{"embeddable":true,"href":"https:\/\/www.messinaoggi.it\/website\/wp-json\/wp\/v2\/users\/18"}],"replies":[{"embeddable":true,"href":"https:\/\/www.messinaoggi.it\/website\/wp-json\/wp\/v2\/comments?post=250495"}],"version-history":[{"count":0,"href":"https:\/\/www.messinaoggi.it\/website\/wp-json\/wp\/v2\/posts\/250495\/revisions"}],"wp:featuredmedia":[{"embeddable":true,"href":"https:\/\/www.messinaoggi.it\/website\/wp-json\/wp\/v2\/media\/250496"}],"wp:attachment":[{"href":"https:\/\/www.messinaoggi.it\/website\/wp-json\/wp\/v2\/media?parent=250495"}],"wp:term":[{"taxonomy":"category","embeddable":true,"href":"https:\/\/www.messinaoggi.it\/website\/wp-json\/wp\/v2\/categories?post=250495"},{"taxonomy":"post_tag","embeddable":true,"href":"https:\/\/www.messinaoggi.it\/website\/wp-json\/wp\/v2\/tags?post=250495"}],"curies":[{"name":"wp","href":"https:\/\/api.w.org\/{rel}","templated":true}]}}