{"id":250493,"date":"2025-09-20T15:06:25","date_gmt":"2025-09-20T13:06:25","guid":{"rendered":"https:\/\/www.messinaoggi.it\/website\/2025\/09\/20\/gasperini-derby-importante-utilizzare-le-nostre-migliori-qualita\/"},"modified":"2025-09-20T15:06:25","modified_gmt":"2025-09-20T13:06:25","slug":"gasperini-derby-importante-utilizzare-le-nostre-migliori-qualita","status":"publish","type":"post","link":"https:\/\/www.messinaoggi.it\/website\/2025\/09\/20\/gasperini-derby-importante-utilizzare-le-nostre-migliori-qualita\/","title":{"rendered":"Gasperini \u201cDerby importante, utilizzare le nostre migliori qualit\u00e0\u201d"},"content":{"rendered":"<div>ROMA (ITALPRESS) &#8211; <em>&#8220;Il derby \u00e8 una partita importante e famosa in tutto il mondo. Non ho ancora sciolto alcuni dubbi di formazione, ma Wesley ha avuto una ricaduta. Hermoso lo proveremo sul campo ma le sensazioni non sono positive&#8221;<\/em>. Queste le parole, in conferenza stampa, di <strong>Gian Piero Gasperini, alla vigilia del derby contro la Lazio, valido per la quarta giornata di Serie A.<\/strong><div id=\"div-gpt-ad-Messinaoggi.it-DSK-300x250-corpoart\" style=\"text-align:center;margin:0 auto;\"><\/div><\/p>\n<p>Su <strong>Dovbyk<\/strong>: &#8220;<em>Con il Torino non \u00e8 entrato perch\u00e8 c&#8217;erano altre situazioni &#8211; spiega il mister giallorosso in conferenza stampa &#8211; Non meritavamo di perdere quella partita, ma non \u00e8 stata preparata al meglio. Sono rimasti giocatori come Dovbyk, Pellegrini e Baldanzi che dovevano andare via, ora devo recuperarli. Dovbyk deve fare molto bene, Pellegrini deve fare benissimo e anche Baldanzi. L&#8217;importante \u00e8 che cercheremo di fare qualcosa di meglio rispetto alla scorsa settimana&#8221;.<\/em><div id=\"videoincontent\" style=\"clear:both\";><\/div><\/p>\n<p><em> &#8220;Sono spinto e motivato per intraprendere questa sfida con la Roma, che era una squadra abituata ad altri principi di gioco. Ora dobbiamo dare il massimo di quello che abbiamo<\/em> &#8211; prosegue l&#8217;ex allenatore dell&#8217;Atalanta &#8211;<em> Pellegrini? E&#8217; un giocatore potenzialmente molto forte, ma deve recuperare fisicamente. Penso che a un calciatore non manchi mai la voglia di entrare in campo e giocare. Scendere in campo con la maglia della Roma \u00e8 un qualcosa di speciale. Se gli chiedessi di giocare domani credo che sarebbe prontissimo&#8221;.<\/em><\/p>\n<p><em>&#8220;Tsimikas? Ha iniziato a inserirsi nel gruppo<\/em> &#8211; osserva Gasperini &#8211;<em> entrer\u00e0 in campo nelle prossime sfide e giocher\u00e0, non so se a partita in corso o da titolare. Sicuramente prima o poi giocher\u00e0&#8221;<\/em>. <em>&#8220;I miei principi di gioco non sono modificabili. Sicuramente non ho idea di snaturare le mie idee, che ho sempre portato avanti nel corso degli anni. Con il Torino non abbiamo fatto una partita cos\u00ec brutta e non cancella i nostri ultimi due mesi di lavoro. Conosciamo le qualit\u00e0 dei nostri avversari e dovremo utilizzare le nostre qualit\u00e0 migliori&#8221;,<\/em> conclude Gasp.<br \/>\n&#8211; Foto Ipa Agency &#8211;<br \/>\n(ITALPRESS).<\/div>\n","protected":false},"excerpt":{"rendered":"<p>ROMA (ITALPRESS) &#8211; &#8220;Il derby \u00e8 una partita importante e famosa in tutto il mondo. Non ho ancora sciolto alcuni dubbi di formazione, ma Wesley ha avuto una ricaduta. Hermoso lo proveremo sul campo ma le sensazioni non sono positive&#8221;. Queste le parole, in conferenza stampa, di Gian Piero Gasperini, alla vigilia del derby contro [&hellip;]<\/p>\n","protected":false},"author":18,"featured_media":250494,"comment_status":"closed","ping_status":"closed","sticky":false,"template":"","format":"standard","meta":{"ub_ctt_via":"","_mi_skip_tracking":false},"categories":[446],"tags":[783],"featured_image_src":"https:\/\/www.messinaoggi.it\/website\/wp-content\/uploads\/2025\/09\/20250920_0923.jpg","author_info":{"display_name":"Admin","author_link":"https:\/\/www.messinaoggi.it\/website\/author\/admin\/"},"digistream_id":0,"digistream":false,"_links":{"self":[{"href":"https:\/\/www.messinaoggi.it\/website\/wp-json\/wp\/v2\/posts\/250493"}],"collection":[{"href":"https:\/\/www.messinaoggi.it\/website\/wp-json\/wp\/v2\/posts"}],"about":[{"href":"https:\/\/www.messinaoggi.it\/website\/wp-json\/wp\/v2\/types\/post"}],"author":[{"embeddable":true,"href":"https:\/\/www.messinaoggi.it\/website\/wp-json\/wp\/v2\/users\/18"}],"replies":[{"embeddable":true,"href":"https:\/\/www.messinaoggi.it\/website\/wp-json\/wp\/v2\/comments?post=250493"}],"version-history":[{"count":0,"href":"https:\/\/www.messinaoggi.it\/website\/wp-json\/wp\/v2\/posts\/250493\/revisions"}],"wp:featuredmedia":[{"embeddable":true,"href":"https:\/\/www.messinaoggi.it\/website\/wp-json\/wp\/v2\/media\/250494"}],"wp:attachment":[{"href":"https:\/\/www.messinaoggi.it\/website\/wp-json\/wp\/v2\/media?parent=250493"}],"wp:term":[{"taxonomy":"category","embeddable":true,"href":"https:\/\/www.messinaoggi.it\/website\/wp-json\/wp\/v2\/categories?post=250493"},{"taxonomy":"post_tag","embeddable":true,"href":"https:\/\/www.messinaoggi.it\/website\/wp-json\/wp\/v2\/tags?post=250493"}],"curies":[{"name":"wp","href":"https:\/\/api.w.org\/{rel}","templated":true}]}}