{"id":250486,"date":"2025-09-20T09:23:45","date_gmt":"2025-09-20T07:23:45","guid":{"rendered":"http:\/\/www.messinaoggi.it\/website\/?p=250486"},"modified":"2025-09-20T09:23:49","modified_gmt":"2025-09-20T07:23:49","slug":"amam-signorino-aggredito-e-minacciato-dalling-vadala","status":"publish","type":"post","link":"https:\/\/www.messinaoggi.it\/website\/2025\/09\/20\/amam-signorino-aggredito-e-minacciato-dalling-vadala\/","title":{"rendered":"Amam, Signorino: &#8220;Aggredito e minacciato dall&#8217;ing. Vadal\u00e0&#8221;"},"content":{"rendered":"\n<p>Il consigliere Nunzio Signorino sarebbe stato aggredito e minacciato verbalmente da un dirigente dell&#8217;AMAM. In premessa \u00e8 opportuno specificare che l&#8217;uso del condizionale \u00e8 rigorosamente d&#8217;obbligo tenuto conto che si tratta della versione fornita dallo stesso Signorino. <div id=\"div-gpt-ad-Messinaoggi.it-DSK-300x250-corpoart\" style=\"text-align:center;margin:0 auto;\"><\/div><\/p>\n\n\n\n<p>Attendiamo una replica del diretto interessato per chiarire gli estremi della vicenda.<div id=\"videoincontent\" style=\"clear:both\";><\/div><\/p>\n\n\n\n<p>&#8220;A seguito delle continue segnalazioni da parte dei cittadini della Terza Circoscrizione riguardo a fuoriuscite di acqua potabile e liquami fognari sulle strade, ho sollecitato pi\u00f9 volte l\u2019intervento di Amam.\u00a0Purtroppo, gli interventi sono stati tardivi, parziali o inefficaci: il problema si ripresenta puntualmente, dimostrando una grave disorganizzazione operativa&#8221;.<\/p>\n\n\n\n<p>Lo scrive in una nota Nunzio Signorino, consigliere della Terza Circoscrizione.<\/p>\n\n\n\n<p>&#8220;Durante uno degli interventi a Camaro Superiore, ho chiesto che l\u2019autoespurgo proseguisse con tutte le segnalazioni gi\u00e0 trasmesse, evitando di tornare in un secondo momento. La risposta \u00e8 stata negativa: l\u2019autoespurgo ha abbandonato il luogo senza completare gli interventi richiesti. Questo comportamento, oltre a essere inefficiente, ha generato ulteriore disagio tra i cittadini.<br>La mia richiesta, volta a migliorare l\u2019efficienza del servizio, ha provocato una reazione aggressiva e verbalmente violenta da parte dell\u2019ing. Francesco Vadal\u00e0, che si presenta come Responsabile dell\u2019Ufficio Fognatura di Amam. \u00c8 inaccettabile che un consigliere eletto dal popolo venga trattato con arroganza e minacce solo per aver svolto il proprio dovere. Il rispetto istituzionale non \u00e8 negoziabile.<br>Spesso gli operatori Amam non trovano le vie segnalate, come accaduto in via Spadafora, segnalata il 19 agosto, dove l\u2019intervento \u00e8 stato dichiarato effettuato senza che nessuno si sia presentato e preoccupato di contattare il consigliere per ricevere indicazioni. Il risultato? I cittadini restano in attesa, il problema non viene risolto, e la fiducia nel servizio pubblico continua a deteriorarsi.<br>Visto che si sono gi\u00e0 verificati episodi simili da parte di Amam nei confronti di altri consiglieri di quartiere \u2013 vedi il caso del consigliere Donato \u2013 rivolgo un appello al sindaco Federico Basile affinch\u00e9 prenda posizione e chieda rispetto istituzionale verso chi, come noi, ogni giorno svolge il ruolo di sentinella del territorio. I consiglieri di quartiere non sono ostacoli, ma risorse preziose per la citt\u00e0, e meritano ascolto e dignit\u00e0.<br>Sono disponibile a un confronto pubblico con l\u2019ing. Vadal\u00e0, davanti ai cittadini della Terza Circoscrizione, affinch\u00e9 si possa discutere apertamente delle criticit\u00e0 e delle soluzioni necessarie.<br>Il mio impegno \u00e8 volto esclusivamente al miglioramento del territorio e alla tutela dei cittadini. Messina merita servizi efficienti, rispetto istituzionale e risposte concrete&#8221;.<\/p>\n\n\n\n<p>Conclude la nota.<br><\/p>\n","protected":false},"excerpt":{"rendered":"<p>Il consigliere Nunzio Signorino sarebbe stato aggredito e minacciato verbalmente da un dirigente dell&#8217;AMAM. In premessa \u00e8 opportuno specificare che l&#8217;uso del condizionale \u00e8 rigorosamente d&#8217;obbligo tenuto conto che si tratta della versione fornita dallo stesso Signorino. Attendiamo una replica del diretto interessato per chiarire gli estremi della vicenda. &#8220;A seguito delle continue segnalazioni da [&hellip;]<\/p>\n","protected":false},"author":2,"featured_media":250487,"comment_status":"open","ping_status":"open","sticky":false,"template":"","format":"standard","meta":{"ub_ctt_via":"","_mi_skip_tracking":false},"categories":[5],"tags":[],"featured_image_src":"https:\/\/www.messinaoggi.it\/website\/wp-content\/uploads\/2025\/09\/1000412946-e1758353001908.jpg","author_info":{"display_name":"Redazione","author_link":"https:\/\/www.messinaoggi.it\/website\/author\/redazione\/"},"digistream_id":0,"digistream":false,"_links":{"self":[{"href":"https:\/\/www.messinaoggi.it\/website\/wp-json\/wp\/v2\/posts\/250486"}],"collection":[{"href":"https:\/\/www.messinaoggi.it\/website\/wp-json\/wp\/v2\/posts"}],"about":[{"href":"https:\/\/www.messinaoggi.it\/website\/wp-json\/wp\/v2\/types\/post"}],"author":[{"embeddable":true,"href":"https:\/\/www.messinaoggi.it\/website\/wp-json\/wp\/v2\/users\/2"}],"replies":[{"embeddable":true,"href":"https:\/\/www.messinaoggi.it\/website\/wp-json\/wp\/v2\/comments?post=250486"}],"version-history":[{"count":1,"href":"https:\/\/www.messinaoggi.it\/website\/wp-json\/wp\/v2\/posts\/250486\/revisions"}],"predecessor-version":[{"id":250488,"href":"https:\/\/www.messinaoggi.it\/website\/wp-json\/wp\/v2\/posts\/250486\/revisions\/250488"}],"wp:featuredmedia":[{"embeddable":true,"href":"https:\/\/www.messinaoggi.it\/website\/wp-json\/wp\/v2\/media\/250487"}],"wp:attachment":[{"href":"https:\/\/www.messinaoggi.it\/website\/wp-json\/wp\/v2\/media?parent=250486"}],"wp:term":[{"taxonomy":"category","embeddable":true,"href":"https:\/\/www.messinaoggi.it\/website\/wp-json\/wp\/v2\/categories?post=250486"},{"taxonomy":"post_tag","embeddable":true,"href":"https:\/\/www.messinaoggi.it\/website\/wp-json\/wp\/v2\/tags?post=250486"}],"curies":[{"name":"wp","href":"https:\/\/api.w.org\/{rel}","templated":true}]}}