{"id":250472,"date":"2025-09-19T21:06:28","date_gmt":"2025-09-19T19:06:28","guid":{"rendered":"https:\/\/www.messinaoggi.it\/website\/2025\/09\/19\/fra-140-giorni-milano-cortina-coventry-grande-impegno-italia\/"},"modified":"2025-09-19T21:06:28","modified_gmt":"2025-09-19T19:06:28","slug":"fra-140-giorni-milano-cortina-coventry-grande-impegno-italia","status":"publish","type":"post","link":"https:\/\/www.messinaoggi.it\/website\/2025\/09\/19\/fra-140-giorni-milano-cortina-coventry-grande-impegno-italia\/","title":{"rendered":"Fra 140 giorni Milano-Cortina, Coventry \u201cGrande impegno Italia\u201d"},"content":{"rendered":"<div>MILANO (ITALPRESS) &#8211; <strong>Centoquaranta giorni al via dei Giochi Olimpici Invernali di Milano-Cortina in programma dal 6 al 22 febbraio 2026<\/strong>. <strong>Kirsty Coventry<\/strong>, <strong>presidente del Cio,<\/strong> alla prima apparizione in Italia, ha fatto una rassegna dei temi nella riunione del Comitato Esecutivo del Cio a Milano.<div id=\"div-gpt-ad-Messinaoggi.it-DSK-300x250-corpoart\" style=\"text-align:center;margin:0 auto;\"><\/div><\/p>\n<p><em>&#8220;Questi giorni a Milano sono stati bellissimi. Ho avuto ottime conversazioni con i capi a livello regionale. Il tour del Villaggio Olimpico e delle venues sono stati incredibili. Penso sia un ottimo punto di partenza per noi, abbiamo visto tutto l&#8217;impegno e la passione messi nella costruzione dell&#8217;impianto&#8221;,<\/em> le parole di approvazione dell&#8217;ex <strong>nuotatrice zimbabwese,<\/strong> che ha confermato la<strong> partecipazione dei russi e bielorussi sotto la sigla di Atleti Individuali Neutrali,<\/strong> in linea con quanto fatto ai <strong>Giochi Olimpici di Parigi 2024<\/strong>: <em>&#8220;Abbiamo avuto un aggiornamento delle varie federazioni e abbiamo parlato degli atleti neutrali ed adotteremo lo stesso approccio di Parigi con i russi e i bielorussi. Non cambiamo le condizioni riguardo gli AIN perch\u00e8 crediamo che a Parigi le cose siano andate bene. Dobbiamo far s\u00ec che ci sia equit\u00e0 e giustizia e abbiamo deciso che tutto sarebbe rimasto immutato&#8221;<\/em>.<div id=\"videoincontent\" style=\"clear:both\";><\/div><\/p>\n<p>Situazione piuttosto tesa per quanto riguarda i <strong>conflitti mondiali<\/strong>. Il Cio e le federazioni ribadiscono il loro impegno nella ricerca della pace: <em>&#8220;La posizione nella quale ci troviamo a livello globale \u00e8 piuttosto deludente perch\u00e8 e triste vedere quanti conflitti ci siano al giorno d&#8217;oggi. Penso che unificare i popoli faccia parte del nostro movimento e del nostro compito. Abbiamo deciso che sarebbe il momento di riaffermare il concetto per cui lo sport deve unire e riunificare i popoli per la pace. Vogliamo pubblicare una dichiarazione congiunta, dove verranno difesi i principi fondamentali delle Olimpiadi in modo da promuovere ulteriormente la pace&#8221;,<\/em> annuncia Coventry, che sar\u00e0 a <strong>New York<\/strong> nei prossimi giorni per un confrontarsi ulteriormente sul tema conflitti con i principali leader mondiali: <em>&#8220;Sar\u00f2 a New York la prossima settimana e mi incontrer\u00f2 con parecchi leader globali. L&#8217;Onu svolge un ruolo molto importante anche sotto il punto di vista della tregua olimpica. Gli sport devono rimanere neutrali di fronte ai conflitti&#8221;.<\/em><\/p>\n<p>Nonostante un conflitto aperto e le forti tensioni con la Palestina, non muta lo status del Cio riguardo la partecipazione ai Giochi e la sicurezza degli atleti di Israele: <em>&#8220;Questo Comitato Esecutivo non ha discusso, e non ha mai discusso, la possibilit\u00e0 di non rappresentanza di tutti i Comitati Nazionali. Per quanto riguarda la sicurezza degli atleti israeliani, continueremo a consultarci con le forze dell&#8217;ordine del paese ospitante, come abbiamo sempre fatto&#8221;,<\/em> puntualizza la numero uno del Comitato Olimpico Internazionale, che ha ribadito l&#8217;impegno nella tutela della categoria femminile e nella ricerca di un compromesso per la partecipazione alle competizioni degli atleti transgender: &#8220;<em>Le federazioni stanno lavorando molto sulle categorie femminili. Il Cio sta cercando di raggiungere il consenso in alcune discipline sportive. Vogliamo che la categoria femminile sia protetta e tutelata. I primi incontri con i gruppi di lavoro sono stati molto utili, ma \u00e8 un argomento che va trattato con attenzione&#8221;.<\/em><\/p>\n<p>Percorso decisionale attualmente senza scadenze e tempistiche ben precise:<em> &#8220;Il gruppo di lavoro parler\u00e0 con tutti gli atleti transgender e con atleti affetti da malattie di sviluppo ormonale. Non abbiamo delle tempistiche precise perch\u00e8 dobbiamo discutere con tutti gli atleti interessati&#8221;<\/em>.<strong> Smentite le voci riguardo una possibile candidatura di Bologna e Firenze per i Giochi Olimpici del 2036:<\/strong> <em>&#8220;Non credo che abbiamo ricevuto nulla per quanto riguarda il 2036 e al momento non c&#8217;\u00e8 nulla da dire&#8221;,<\/em> conclude Coventry.<br \/>\n&#8211; Foto Ipa Agency &#8211;<br \/>\n(ITALPRESS).<\/div>\n","protected":false},"excerpt":{"rendered":"<p>MILANO (ITALPRESS) &#8211; Centoquaranta giorni al via dei Giochi Olimpici Invernali di Milano-Cortina in programma dal 6 al 22 febbraio 2026. Kirsty Coventry, presidente del Cio, alla prima apparizione in Italia, ha fatto una rassegna dei temi nella riunione del Comitato Esecutivo del Cio a Milano. &#8220;Questi giorni a Milano sono stati bellissimi. Ho avuto [&hellip;]<\/p>\n","protected":false},"author":18,"featured_media":250473,"comment_status":"closed","ping_status":"closed","sticky":false,"template":"","format":"standard","meta":{"ub_ctt_via":"","_mi_skip_tracking":false},"categories":[446],"tags":[783],"featured_image_src":"https:\/\/www.messinaoggi.it\/website\/wp-content\/uploads\/2025\/09\/20250919_2554.jpg","author_info":{"display_name":"Admin","author_link":"https:\/\/www.messinaoggi.it\/website\/author\/admin\/"},"digistream_id":0,"digistream":false,"_links":{"self":[{"href":"https:\/\/www.messinaoggi.it\/website\/wp-json\/wp\/v2\/posts\/250472"}],"collection":[{"href":"https:\/\/www.messinaoggi.it\/website\/wp-json\/wp\/v2\/posts"}],"about":[{"href":"https:\/\/www.messinaoggi.it\/website\/wp-json\/wp\/v2\/types\/post"}],"author":[{"embeddable":true,"href":"https:\/\/www.messinaoggi.it\/website\/wp-json\/wp\/v2\/users\/18"}],"replies":[{"embeddable":true,"href":"https:\/\/www.messinaoggi.it\/website\/wp-json\/wp\/v2\/comments?post=250472"}],"version-history":[{"count":0,"href":"https:\/\/www.messinaoggi.it\/website\/wp-json\/wp\/v2\/posts\/250472\/revisions"}],"wp:featuredmedia":[{"embeddable":true,"href":"https:\/\/www.messinaoggi.it\/website\/wp-json\/wp\/v2\/media\/250473"}],"wp:attachment":[{"href":"https:\/\/www.messinaoggi.it\/website\/wp-json\/wp\/v2\/media?parent=250472"}],"wp:term":[{"taxonomy":"category","embeddable":true,"href":"https:\/\/www.messinaoggi.it\/website\/wp-json\/wp\/v2\/categories?post=250472"},{"taxonomy":"post_tag","embeddable":true,"href":"https:\/\/www.messinaoggi.it\/website\/wp-json\/wp\/v2\/tags?post=250472"}],"curies":[{"name":"wp","href":"https:\/\/api.w.org\/{rel}","templated":true}]}}