{"id":250450,"date":"2025-09-19T17:06:32","date_gmt":"2025-09-19T15:06:32","guid":{"rendered":"https:\/\/www.messinaoggi.it\/website\/2025\/09\/19\/tudor-focalizzati-sul-verona-juve-al-100-puo-battere-chiunque\/"},"modified":"2025-09-19T17:06:32","modified_gmt":"2025-09-19T15:06:32","slug":"tudor-focalizzati-sul-verona-juve-al-100-puo-battere-chiunque","status":"publish","type":"post","link":"https:\/\/www.messinaoggi.it\/website\/2025\/09\/19\/tudor-focalizzati-sul-verona-juve-al-100-puo-battere-chiunque\/","title":{"rendered":"Tudor \u201cFocalizzati sul Verona, Juve al 100% pu\u00f2 battere chiunque\u201d"},"content":{"rendered":"<div>TORINO (ITALPRESS) &#8211;<em> &#8220;Da due giorni siamo focalizzati su questa partita non ci sono scuse o alibi. Dovremo fare una gara seria e prenderci quello che vogliamo&#8221;<\/em>. Cos\u00ec Igor <strong>Tudor,<\/strong> tecnico della <strong>Juventus,<\/strong> in conferenza stampa in vista della sfida contro il Verona, in programma domani alle 18 al Bentegodi.<em> &#8220;Zhegrova? Non ha un lungo minutaggio nelle gambe: faremo delle valutazioni e una programmazione giusta<\/em>&#8220;, ha spiegato l&#8217;allenatore bianconero.<div id=\"div-gpt-ad-Messinaoggi.it-DSK-300x250-corpoart\" style=\"text-align:center;margin:0 auto;\"><\/div><\/p>\n<p><em>&#8220;Quando si parla di gol subiti in partite terminate 4-4 il concetto \u00e8 diverso rispetto a una gara persa 4-1. Non \u00e8 il momento di fare processi: per me abbiamo conquistato una bella vittoria contro l&#8217;Inter e un ottimo pareggio contro il Dortmund, nient&#8217;altro&#8221;.<\/em> Tudor ha lavorato molto sul concetto di gruppo e unit\u00e0: &#8220;<em>Io coinvolgo tutti, per me sono tutti importanti, saranno tutti convocati e ovviamente far\u00e0 parte del gruppo anche Bremer. Non \u00e8 importante il giudizio sull&#8217;allenatore, o quello che possono pensare di me: io sono concentrato sul valore e sulla resa della squadra. Guardo a come giocano i ragazzi in campo. Quando non alleno leggo un p\u00f2 i giornali, ma quando sono impegnato in panchina non lo faccio. Vedo critiche anche ai migliori allenatori al mondo: se si punta il dito contro quelli, allora posso stare tranquillo&#8221;<\/em>. Sui singoli: <em>&#8220;Non c&#8217;\u00e8 turno di riposo, sia per quello che riguarda Kelly &#8211; su cui ho visto poca obiettivit\u00e0 nei giudizi &#8211; sia per Di Gregorio: \u00e8 il nostro primo portiere e lo sar\u00e0 per tutta la stagione. Sono molto contento che sia lui a difendere la porta della Juventus&#8221;.<\/em><div id=\"videoincontent\" style=\"clear:both\";><\/div><\/p>\n<p>Tra gli elementi che sembrano rinati in questa stagione c&#8217;\u00e8 sicuramente Dusan Vlahovic: <em>&#8220;E&#8217; meno pensieroso e pi\u00f9 concentrato di prima: per lui \u00e8 importante essere lucido su ci\u00f2 che deve fare. Quando riesce a stare focalizzato su quello, cambia tantissimo la sua resa&#8221;.<\/em> Infine, un elogio alla sua squadra<em>: &#8220;Io lavoro sempre sulla testa, le partite si vincono con quella e con la voglia: se giochiamo al 100% possiamo battere chiunque, ma sappiamo di non poterci distrarre o smettere di dare il massimo. Ho a disposizione un bel gruppo di ragazzi che lavorano insieme per raggiungere obiettivi comuni: sono molto uniti, questa \u00e8 una bellissima cosa&#8221;<\/em>. Ancora sul gruppo: <em>&#8220;Ogni partita \u00e8 una conferma o una novit\u00e0, come ho gi\u00e0 detto: la squadra \u00e8 un organismo vivo, bisogna sempre osservare come evolvono le cose. Arriviamo da due partite difficili da spiegare per andamento, ci sono tanti fattori di cui tenere conto: sono felice sia venuta fuori la voglia e la mentalit\u00e0 di vincere e non mollare mai&#8221;.<\/em> Infine, su Cabal:<em> &#8220;Sta crescendo di condizione, mi piace come giocatore, pu\u00f2 fare pi\u00f9 ruoli: vediamo come andranno le cose, conto tanto su di lui anche in futuro&#8221;<\/em>, ha concluso Tudor.<\/p>\n<p>&#8211; Foto Ipa Agency &#8211;<\/p>\n<p>(ITALPRESS).<\/p><\/div>\n","protected":false},"excerpt":{"rendered":"<p>TORINO (ITALPRESS) &#8211; &#8220;Da due giorni siamo focalizzati su questa partita non ci sono scuse o alibi. Dovremo fare una gara seria e prenderci quello che vogliamo&#8221;. Cos\u00ec Igor Tudor, tecnico della Juventus, in conferenza stampa in vista della sfida contro il Verona, in programma domani alle 18 al Bentegodi. &#8220;Zhegrova? Non ha un lungo [&hellip;]<\/p>\n","protected":false},"author":18,"featured_media":250451,"comment_status":"closed","ping_status":"closed","sticky":false,"template":"","format":"standard","meta":{"ub_ctt_via":"","_mi_skip_tracking":false},"categories":[446],"tags":[783],"featured_image_src":"https:\/\/www.messinaoggi.it\/website\/wp-content\/uploads\/2025\/09\/20250919_1410.jpg","author_info":{"display_name":"Admin","author_link":"https:\/\/www.messinaoggi.it\/website\/author\/admin\/"},"digistream_id":0,"digistream":false,"_links":{"self":[{"href":"https:\/\/www.messinaoggi.it\/website\/wp-json\/wp\/v2\/posts\/250450"}],"collection":[{"href":"https:\/\/www.messinaoggi.it\/website\/wp-json\/wp\/v2\/posts"}],"about":[{"href":"https:\/\/www.messinaoggi.it\/website\/wp-json\/wp\/v2\/types\/post"}],"author":[{"embeddable":true,"href":"https:\/\/www.messinaoggi.it\/website\/wp-json\/wp\/v2\/users\/18"}],"replies":[{"embeddable":true,"href":"https:\/\/www.messinaoggi.it\/website\/wp-json\/wp\/v2\/comments?post=250450"}],"version-history":[{"count":0,"href":"https:\/\/www.messinaoggi.it\/website\/wp-json\/wp\/v2\/posts\/250450\/revisions"}],"wp:featuredmedia":[{"embeddable":true,"href":"https:\/\/www.messinaoggi.it\/website\/wp-json\/wp\/v2\/media\/250451"}],"wp:attachment":[{"href":"https:\/\/www.messinaoggi.it\/website\/wp-json\/wp\/v2\/media?parent=250450"}],"wp:term":[{"taxonomy":"category","embeddable":true,"href":"https:\/\/www.messinaoggi.it\/website\/wp-json\/wp\/v2\/categories?post=250450"},{"taxonomy":"post_tag","embeddable":true,"href":"https:\/\/www.messinaoggi.it\/website\/wp-json\/wp\/v2\/tags?post=250450"}],"curies":[{"name":"wp","href":"https:\/\/api.w.org\/{rel}","templated":true}]}}