{"id":250448,"date":"2025-09-19T17:06:31","date_gmt":"2025-09-19T15:06:31","guid":{"rendered":"https:\/\/www.messinaoggi.it\/website\/2025\/09\/19\/allegri-a-udine-snodo-cruciale-per-il-milan\/"},"modified":"2025-09-19T17:06:31","modified_gmt":"2025-09-19T15:06:31","slug":"allegri-a-udine-snodo-cruciale-per-il-milan","status":"publish","type":"post","link":"https:\/\/www.messinaoggi.it\/website\/2025\/09\/19\/allegri-a-udine-snodo-cruciale-per-il-milan\/","title":{"rendered":"Allegri \u201cA Udine snodo cruciale per il Milan\u201d"},"content":{"rendered":"<div>MILANO (ITALPRESS) &#8211; <em>&#8220;Affronteremo una squadra difficile da battere: loro hanno 7 punti e sono molto fisici e tecnici. Per noi sar\u00e0 un test importante, dobbiamo dare continuit\u00e0 alle due vittorie di fila che abbiamo fatto&#8221;<\/em>. Cos\u00ec Massimiliano <strong>Allegri,<\/strong> tecnico del <strong>Milan,<\/strong> in conferenza stampa, alla vigilia della sfida contro l&#8217;<strong>Udinese,<\/strong> in programma alle 20.45 al Bluenergy Stadium.<em> &#8220;Abbiamo dei difetti e dobbiamo continuare a lavorare. Domani sar\u00e0 una delle partite pi\u00f9 importanti, uno snodo cruciale, anche se siamo all&#8217;inizio del campionato. Dovremo sfruttare le occasioni che avremo&#8221;,<\/em> ha aggiunto l&#8217;allenatore rossonero. Sui recuperi Leao e Maignan, poi, ha affermato:<em> &#8220;Leao sta procedendo bene: speriamo di averlo a disposizione per il Napoli. Maignan \u00e8 a posto, \u00e8 sereno: marted\u00ec sar\u00e0 in porta contro il Lecce&#8221;.<\/em><div id=\"div-gpt-ad-Messinaoggi.it-DSK-300x250-corpoart\" style=\"text-align:center;margin:0 auto;\"><\/div><\/p>\n<p>Tornando al cammino della squadra e alla prossima gara, Allegri chiede ai suoi uomini la massima attenzione per la sfida in Friuli.<em> &#8220;Dobbiamo dimenticarci delle vittorie e pensare quello che dobbiamo fare. Tra Lecce, Napoli e Juventus, con l&#8217;Udinese \u00e8 la gara pi\u00f9 importante&#8221;<\/em>, ha sottolineato l&#8217;allenatore toscano.<em> &#8220;Se si pu\u00f2 giocare con Loftus, Modric e Rabiot? Non \u00e8 questione di bilanciamento, dipende dai momenti<\/em> &#8211; ha spiegato poi Allegri -. <em>Si pu\u00f2 giocare in diversi modi. Fofana \u00e8 un grande giocatore, \u00e8 importante, ma deve fare pi\u00f9 gol. Stiamo lavorando, con tutti, in quel senso l\u00ec&#8221;<\/em>. Intanto, \u00e8 gi\u00e0 arrivata una sua squalifica dopo le proteste per il finale di gara contro il Bologna:<em> &#8220;Il Var \u00e8 uno strumento che ha diminuito l&#8217;errore all&#8217;interno della partita. Ma in tante situazioni \u00e8 soggettivo. Quindi, gli errori ci sono stati, ci sono e ci saranno ancora. E&#8217; normale, sbaglio io che mi arrabbio&#8221;.<\/em><div id=\"videoincontent\" style=\"clear:both\";><\/div><\/p>\n<p>Archiviato l&#8217;argomento, Allegri ha elogiato il suo spogliatoio:<em> &#8220;Ho un gruppo di ragazzi responsabili e seri. Arriveremo nella condizione mentale giusta alla gara. Ricci? Da quando \u00e8 arrivato \u00e8 in continua crescita, si fa sempre trovare pronto ed \u00e8 un giocatore affidabile, questa \u00e8 una cosa molto importante. Abbiamo 10 giocatori nuovi su 19, quindi pi\u00f9 passa il tempo, pi\u00f9 si conosceranno, pi\u00f9 faremo meglio. Col Bologna ci sono stati dei momenti in cui abbiamo sbagliato la scelta del passaggio, cio\u00e8 il passaggio giusto per quel momento della partita. Ma su questa cosa miglioreremo col tempo, conoscendoci sempre di pi\u00f9&#8221;.<\/em><br \/>\nInfine, sulla scelta del capitano: <em>&#8220;Io credo che al 99 per cento sar\u00e0 Gabbia, cos\u00ec ho anche detto uno che gioca di sicuro&#8221;.<\/em><\/p>\n<p>&#8211; foto Ipa Agency &#8211;<\/p>\n<p>(ITALPRESS).<\/p><\/div>\n","protected":false},"excerpt":{"rendered":"<p>MILANO (ITALPRESS) &#8211; &#8220;Affronteremo una squadra difficile da battere: loro hanno 7 punti e sono molto fisici e tecnici. Per noi sar\u00e0 un test importante, dobbiamo dare continuit\u00e0 alle due vittorie di fila che abbiamo fatto&#8221;. Cos\u00ec Massimiliano Allegri, tecnico del Milan, in conferenza stampa, alla vigilia della sfida contro l&#8217;Udinese, in programma alle 20.45 [&hellip;]<\/p>\n","protected":false},"author":18,"featured_media":250449,"comment_status":"closed","ping_status":"closed","sticky":false,"template":"","format":"standard","meta":{"ub_ctt_via":"","_mi_skip_tracking":false},"categories":[446],"tags":[783],"featured_image_src":"https:\/\/www.messinaoggi.it\/website\/wp-content\/uploads\/2025\/09\/20250919_1293.jpg","author_info":{"display_name":"Admin","author_link":"https:\/\/www.messinaoggi.it\/website\/author\/admin\/"},"digistream_id":0,"digistream":false,"_links":{"self":[{"href":"https:\/\/www.messinaoggi.it\/website\/wp-json\/wp\/v2\/posts\/250448"}],"collection":[{"href":"https:\/\/www.messinaoggi.it\/website\/wp-json\/wp\/v2\/posts"}],"about":[{"href":"https:\/\/www.messinaoggi.it\/website\/wp-json\/wp\/v2\/types\/post"}],"author":[{"embeddable":true,"href":"https:\/\/www.messinaoggi.it\/website\/wp-json\/wp\/v2\/users\/18"}],"replies":[{"embeddable":true,"href":"https:\/\/www.messinaoggi.it\/website\/wp-json\/wp\/v2\/comments?post=250448"}],"version-history":[{"count":0,"href":"https:\/\/www.messinaoggi.it\/website\/wp-json\/wp\/v2\/posts\/250448\/revisions"}],"wp:featuredmedia":[{"embeddable":true,"href":"https:\/\/www.messinaoggi.it\/website\/wp-json\/wp\/v2\/media\/250449"}],"wp:attachment":[{"href":"https:\/\/www.messinaoggi.it\/website\/wp-json\/wp\/v2\/media?parent=250448"}],"wp:term":[{"taxonomy":"category","embeddable":true,"href":"https:\/\/www.messinaoggi.it\/website\/wp-json\/wp\/v2\/categories?post=250448"},{"taxonomy":"post_tag","embeddable":true,"href":"https:\/\/www.messinaoggi.it\/website\/wp-json\/wp\/v2\/tags?post=250448"}],"curies":[{"name":"wp","href":"https:\/\/api.w.org\/{rel}","templated":true}]}}