{"id":250446,"date":"2025-09-19T17:06:29","date_gmt":"2025-09-19T15:06:29","guid":{"rendered":"https:\/\/www.messinaoggi.it\/website\/2025\/09\/19\/mattarella-no-dei-militari-a-salo-difese-dignita-e-amor-di-patria\/"},"modified":"2025-09-19T17:06:29","modified_gmt":"2025-09-19T15:06:29","slug":"mattarella-no-dei-militari-a-salo-difese-dignita-e-amor-di-patria","status":"publish","type":"post","link":"https:\/\/www.messinaoggi.it\/website\/2025\/09\/19\/mattarella-no-dei-militari-a-salo-difese-dignita-e-amor-di-patria\/","title":{"rendered":"Mattarella: \u201cNo dei militari a Sal\u00f2 difese dignit\u00e0 e amor di patria\u201d"},"content":{"rendered":"<div>ROMA (ITALPRESS) &#8211; Questa Giornata &#8220;rende onore ai militari italiani che ebbero il coraggio di pronunciare il loro &#8216;n\u00f2 al nazifascismo, pagando un prezzo personale altissimo e subendo, al termine della guerra, una sorta di oscuramento della loro resistenza, travagliata ed eroica. Con quel &#8216;n\u00f2 ai fascisti di Sal\u00f2 e alle truppe di occupazione, difesero la dignit\u00e0 e il senso autentico dell&#8217;amor di patria&#8221;. Lo ha detto il presidente della Repubblica, Sergio Mattarella, durante la cerimonia per la prima Giornata degli Internati Militari nei campi di concentramento tedeschi durante la seconda guerra mondiale. &#8220;Per lungo tempo la condotta e le vicissitudini nei circa 650 mila militari internati sono rimaste in ombra, malgrado il numero dei caduti, le sofferenze patite da tutti loro, i coraggiosi rifiuti alle pressioni sempre pi\u00f9 minacciose dei carcerieri, le reti di solidariet\u00e0 costruite fra italiani. Sul piano valoriale, morale e anche su quello concreto, la resistenza dei militari che dissero &#8216;n\u00f2 ebbe un significato e una valenza di altissimo rilievo&#8221;, ha sottolineato. &#8220;La resistenza italiana non \u00e8 stata limitata ad avanguardie patriottiche, ma ha ricevuto l&#8217;apporto di diversi affluenti, provenienti da varie componenti sociali.\u00a0E&#8217; grazie anche a tante resistenze senza armi che la resistenza armata ha trovato allora treno fertile, consensi e sponde preziose. Quei principi di libert\u00e0, indipendenza, di pace sono diventati patrimonio comune, anche in virt\u00f9 di sacrifici diffusi nella popolazione di solidariet\u00e0 generose e di tanti eroismi rimasti sconosciuti, sorretti dalle coscienze personali e propagatisi proprio con la forza di coerenti testimonianze&#8221;, ha spiegato. &#8220;Allargare lo sguardo sulla ribellione degli italiani agli oppressori \u00e8 dunque un esigenza di verit\u00e0, preziosa anche per comprendere la salvezza delle radici e il valore costituente della resistenza&#8221;, ha sottolineato Mattarella. &#8220;La libert\u00e0 di cui oggi ci gioviamo ha un debito verso il coraggio di questi uomini, patrioti che nei campi tedeschi sono stati privati della stessa loro identit\u00e0, ridotti a un numero, che hanno respinto lusinghe e promesse quando \u00e8 stato loro proposta la rinuncia alla loro dignit\u00e0 di italiani in cambio di una scarcerazione. Patrioti che, nelle baracche, dopo il lavoro, hanno cominciato a tessere i fili di quelle relazioni solidali, di quell&#8217;etica collettiva che sarebbe diventata l&#8217;humus di un nuovo inizio per l&#8217;Italia&#8221;, ha aggiunto. &#8220;La testimonianza di chi ha compiuto scelte coraggiose che hanno contribuito a rendere possibile un futuro migliore rappresenta un seme di speranza. Va rivolta la nostra riconoscenza a uomini che tanto hanno dato alla nostra libert\u00e0 e al nostro benessere, quando l&#8217;esito era incerto e il rischio personale altissimo. Questa riconoscenza non deve mai venire meno&#8221;, ha concluso il presidente.<br \/>(ITALPRESS).<div id=\"div-gpt-ad-Messinaoggi.it-DSK-300x250-corpoart\" style=\"text-align:center;margin:0 auto;\"><\/div><\/p>\n<p>&#8211; foto: Ipa Agency &#8211;<div id=\"videoincontent\" style=\"clear:both\";><\/div><\/p><\/div>\n","protected":false},"excerpt":{"rendered":"<p>ROMA (ITALPRESS) &#8211; Questa Giornata &#8220;rende onore ai militari italiani che ebbero il coraggio di pronunciare il loro &#8216;n\u00f2 al nazifascismo, pagando un prezzo personale altissimo e subendo, al termine della guerra, una sorta di oscuramento della loro resistenza, travagliata ed eroica. Con quel &#8216;n\u00f2 ai fascisti di Sal\u00f2 e alle truppe di occupazione, difesero [&hellip;]<\/p>\n","protected":false},"author":18,"featured_media":250447,"comment_status":"closed","ping_status":"closed","sticky":false,"template":"","format":"standard","meta":{"ub_ctt_via":"","_mi_skip_tracking":false},"categories":[446],"tags":[783],"featured_image_src":"https:\/\/www.messinaoggi.it\/website\/wp-content\/uploads\/2025\/09\/20250919_1175.jpg","author_info":{"display_name":"Admin","author_link":"https:\/\/www.messinaoggi.it\/website\/author\/admin\/"},"digistream_id":0,"digistream":false,"_links":{"self":[{"href":"https:\/\/www.messinaoggi.it\/website\/wp-json\/wp\/v2\/posts\/250446"}],"collection":[{"href":"https:\/\/www.messinaoggi.it\/website\/wp-json\/wp\/v2\/posts"}],"about":[{"href":"https:\/\/www.messinaoggi.it\/website\/wp-json\/wp\/v2\/types\/post"}],"author":[{"embeddable":true,"href":"https:\/\/www.messinaoggi.it\/website\/wp-json\/wp\/v2\/users\/18"}],"replies":[{"embeddable":true,"href":"https:\/\/www.messinaoggi.it\/website\/wp-json\/wp\/v2\/comments?post=250446"}],"version-history":[{"count":0,"href":"https:\/\/www.messinaoggi.it\/website\/wp-json\/wp\/v2\/posts\/250446\/revisions"}],"wp:featuredmedia":[{"embeddable":true,"href":"https:\/\/www.messinaoggi.it\/website\/wp-json\/wp\/v2\/media\/250447"}],"wp:attachment":[{"href":"https:\/\/www.messinaoggi.it\/website\/wp-json\/wp\/v2\/media?parent=250446"}],"wp:term":[{"taxonomy":"category","embeddable":true,"href":"https:\/\/www.messinaoggi.it\/website\/wp-json\/wp\/v2\/categories?post=250446"},{"taxonomy":"post_tag","embeddable":true,"href":"https:\/\/www.messinaoggi.it\/website\/wp-json\/wp\/v2\/tags?post=250446"}],"curies":[{"name":"wp","href":"https:\/\/api.w.org\/{rel}","templated":true}]}}