{"id":250436,"date":"2025-09-19T15:06:30","date_gmt":"2025-09-19T13:06:30","guid":{"rendered":"https:\/\/www.messinaoggi.it\/website\/2025\/09\/19\/giustizia-tajani-opposizione-divisa-sulla-riforma\/"},"modified":"2025-09-19T15:06:30","modified_gmt":"2025-09-19T13:06:30","slug":"giustizia-tajani-opposizione-divisa-sulla-riforma","status":"publish","type":"post","link":"https:\/\/www.messinaoggi.it\/website\/2025\/09\/19\/giustizia-tajani-opposizione-divisa-sulla-riforma\/","title":{"rendered":"Giustizia, Tajani \u201cOpposizione divisa sulla riforma\u201d"},"content":{"rendered":"<div>ROMA (ITALPRESS) &#8211;  Nel corso dell&#8217;evento &#8220;Libert\u00e0&#8221; non mancher\u00e0 &#8220;il tema all&#8217;ordine del giorno che \u00e8 quello della giustizia, racconteremo ci\u00f2 che abbiamo fatto e ci\u00f2 che faremo, annunceremo formalmente la nascita dei comitati per il S\u00ec in caso di referendum&#8221; sulla riforma. Cos\u00ec il vicepremier, ministro degli Esteri e segretario nazionale di Forza Italia, Antonio Tajani, nel corso di una conferenza stampa. &#8220;Mi piacerebbe che partecipassero anche i deputati del Pd che anni fa in un documento, pubblicato da &#8216;Il Fogli\u00f2, firmarono per la separazione delle carriere quando Maurizio Martina era segretario. Firm\u00f2 anche la Serracchiani, non so cosa sia cambiato oggi&#8221;, afferma. <br \/>&#8220;La riforma della giustizia approvata con una maggioranza pi\u00f9 ampia di quella del centrodestra ha dato fastidio all&#8217;opposizione che si \u00e8 divisa e che ha organizzato una protesta su un tema che non era attinente con toni aggressivi, insulti, dicendo che era grave che sui banchi del governo qualcuno avesse applaudito. Io non l&#8217;ho fatto ma non \u00e8 neppure previsto nel regolamento della Camera &#8211; sottolinea il vicepremier -. Una protesta priva di senso, \u00e8 stato fatto tutto ci\u00f2 per cercare di nascondere il risultato di una riforma importantissima per il nostro Paese. Andremo avanti &#8211; assicura -. Quello che \u00e8 successo ieri \u00e8 incomprensibile. Sulla giustizia l&#8217;opposizione si \u00e8 spaccata, mi pare pi\u00f9 un campo stretto che un campo largo&#8221;.<br \/>La tre giorni presentata oggi &#8220;sar\u00e0 tutta dedicata alla parola &#8216;Libert\u00e0&#8217;. Domenica presenteremo il manifesto che sar\u00e0 l&#8217;attualizzazione del pensiero di Berlusconi, i tempi sono cambiati ma i valori rimangono gli stessi&#8221;. &#8220;Libert\u00e0&#8221; avr\u00e0 luogo a Telese Terme il 26, 27 e 28 settembre. &#8220;Tutti i dibattiti che si susseguiranno saranno dedicati alle diverse forme di difesa e manifestazione della libert\u00e0&#8221;, prosegue Tajani.<div id=\"div-gpt-ad-Messinaoggi.it-DSK-300x250-corpoart\" style=\"text-align:center;margin:0 auto;\"><\/div><\/p>\n<p>&#8211; Foto xb1\/Italpress &#8211;<div id=\"videoincontent\" style=\"clear:both\";><\/div><\/p>\n<p>(ITALPRESS).<\/p><\/div>\n","protected":false},"excerpt":{"rendered":"<p>ROMA (ITALPRESS) &#8211; Nel corso dell&#8217;evento &#8220;Libert\u00e0&#8221; non mancher\u00e0 &#8220;il tema all&#8217;ordine del giorno che \u00e8 quello della giustizia, racconteremo ci\u00f2 che abbiamo fatto e ci\u00f2 che faremo, annunceremo formalmente la nascita dei comitati per il S\u00ec in caso di referendum&#8221; sulla riforma. Cos\u00ec il vicepremier, ministro degli Esteri e segretario nazionale di Forza Italia, [&hellip;]<\/p>\n","protected":false},"author":18,"featured_media":250437,"comment_status":"closed","ping_status":"closed","sticky":false,"template":"","format":"standard","meta":{"ub_ctt_via":"","_mi_skip_tracking":false},"categories":[446],"tags":[783],"featured_image_src":"https:\/\/www.messinaoggi.it\/website\/wp-content\/uploads\/2025\/09\/20250919_0809.jpg","author_info":{"display_name":"Admin","author_link":"https:\/\/www.messinaoggi.it\/website\/author\/admin\/"},"digistream_id":0,"digistream":false,"_links":{"self":[{"href":"https:\/\/www.messinaoggi.it\/website\/wp-json\/wp\/v2\/posts\/250436"}],"collection":[{"href":"https:\/\/www.messinaoggi.it\/website\/wp-json\/wp\/v2\/posts"}],"about":[{"href":"https:\/\/www.messinaoggi.it\/website\/wp-json\/wp\/v2\/types\/post"}],"author":[{"embeddable":true,"href":"https:\/\/www.messinaoggi.it\/website\/wp-json\/wp\/v2\/users\/18"}],"replies":[{"embeddable":true,"href":"https:\/\/www.messinaoggi.it\/website\/wp-json\/wp\/v2\/comments?post=250436"}],"version-history":[{"count":0,"href":"https:\/\/www.messinaoggi.it\/website\/wp-json\/wp\/v2\/posts\/250436\/revisions"}],"wp:featuredmedia":[{"embeddable":true,"href":"https:\/\/www.messinaoggi.it\/website\/wp-json\/wp\/v2\/media\/250437"}],"wp:attachment":[{"href":"https:\/\/www.messinaoggi.it\/website\/wp-json\/wp\/v2\/media?parent=250436"}],"wp:term":[{"taxonomy":"category","embeddable":true,"href":"https:\/\/www.messinaoggi.it\/website\/wp-json\/wp\/v2\/categories?post=250436"},{"taxonomy":"post_tag","embeddable":true,"href":"https:\/\/www.messinaoggi.it\/website\/wp-json\/wp\/v2\/tags?post=250436"}],"curies":[{"name":"wp","href":"https:\/\/api.w.org\/{rel}","templated":true}]}}