{"id":250426,"date":"2025-09-19T13:06:28","date_gmt":"2025-09-19T11:06:28","guid":{"rendered":"https:\/\/www.messinaoggi.it\/website\/2025\/09\/19\/immobiliare-baccarini-serve-un-pnrr-per-le-politiche-abitative\/"},"modified":"2025-09-19T13:06:28","modified_gmt":"2025-09-19T11:06:28","slug":"immobiliare-baccarini-serve-un-pnrr-per-le-politiche-abitative","status":"publish","type":"post","link":"https:\/\/www.messinaoggi.it\/website\/2025\/09\/19\/immobiliare-baccarini-serve-un-pnrr-per-le-politiche-abitative\/","title":{"rendered":"Immobiliare, Baccarini \u201cServe un Pnrr per le politiche abitative\u201d"},"content":{"rendered":"<div>ROMA (ITALPRESS) &#8211; &#8220;Serve un fondo europeo per la casa, una sorta di PNRR per le politiche abitative. Se \u00e8 un&#8217;emergenza deve diventare una priorit\u00e0 dell&#8217;agenda politica, per canalizzare le risorse su un piano strutturato di edilizia residenziale sia pubblica che sociale, riqualificando l&#8217;ingente parte di patrimonio pubblico dismesso e in disuso e mettendolo a disposizione a canoni calmierati per chi ha meno possibilit\u00e0 economiche&#8221;. Lo afferma Gian Battista Baccarini, presidente di Fiaip (Federazione Italiana Agenti Immobiliari Professionali), intervistato da Claudio Brachino per il magazine televisivo Italpress Economy.<br \/>\nRiguardo al Piano Casa, &#8220;noi abbiamo sottoposto all&#8217;attenzione del Governo la necessit\u00e0 di una banca dati per capire quanto patrimonio pubblico e privato sia inutilizzato &#8211; spiega Baccarini -. Si parla da parte del pubblico di circa 100.000 abitazioni non assegnate in Italia, \u00e8 un dato di Federcasa, e sul privato di 9 milioni e mezzo di abitazioni vuote, questo \u00e8 un dato Istat. Togliendone 3 milioni tra le case inagibili e quelle che vengono usate solo per le vacanze estive o invernali, ce ne sono quasi 6 milioni e mezzo che sono a disposizione. Bisogna capire perch\u00e8 i proprietari le lasciano vuote e non affittano invece a studenti, lavoratori e famiglie che non possono comprarsi la casa&#8221;.<br \/>\nPer aumentare l&#8217;offerta, secondo il presidente di Fiaip, &#8220;bisogna incentivare anche il privato, lavorando su tre assi: flessibilit\u00e0, fiscalit\u00e0 e sicurezza. Sul fronte della flessibilit\u00e0 basterebbe che i contratti di natura transitoria che stanno aumentando, da 1 a 18 mesi o da 3 a 36 mesi, siano consentiti sempre a tutti gli inquilini residenti. Per la fiscalit\u00e0 basterebbe rendere deducibile l&#8217;IMU anche per le persone fisiche, per le abitazioni, per chi stipula contratti a canone concordato, questo stimolerebbe i proprietari a mettere le case a disposizione. Ma il punto pi\u00f9 importante \u00e8 la sicurezza &#8211; aggiunge -. I proprietari hanno paura di affittare la loro casa perch\u00e8 temono un mancato pagamento del canone e soprattutto il mancato ritorno in possesso. Si dovrebbe prevedere che in caso di mancato pagamento anche solo di un canone di locazione sia prevista la possibilit\u00e0 per il proprietario di risolvere il contratto entro 30 giorni e di entrare in possesso della casa, e poi far s\u00ec che il contratto di locazione diventi un titolo esecutivo. Su questo c&#8217;\u00e8 una proposta di legge dell&#8217;onorevole Buonguerrieri, predisposta anche col nostro supporto, che verr\u00e0 presentata a giorni&#8221;.<br \/>\nLe proposte di Fiaip &#8220;puntano ad aumentare l&#8217;offerta abitativa sia pubblica che privata, si tutelano i risparmi delle famiglie e soprattutto la pi\u00f9 ampia garanzia del nostro debito pubblico nazionale, che \u00e8 il valore della propriet\u00e0 immobiliare diffusa&#8221;, sottolinea Baccarini, che sul fronte del mercato immobiliare, ricorda che &#8220;secondo i dati dell&#8217;Agenzia delle Entrate c&#8217;\u00e8 un +8,1% delle compravendite residenziali nel secondo trimestre del 2025 rispetto al secondo trimestre del 2024, dopo un +11,2% del primo trimestre. Sono dati positivi che si accompagnano a una crescita dei valori di mercato. Crescono anche gli acquisti della prima casa. Questo \u00e8 stato sostenuto dal fatto che ci sono stati otto ribassi consecutivi degli interessi sui mutui dopo i 10 rialzi tra il 2022 e il 2023&#8221;.<br \/>\nBaccarini sta per chiudere il suo secondo e ultimo mandato da presidente Fiaip. &#8220;E&#8217; stata un&#8217;esperienza straordinaria, devo ringraziare veramente tutti coloro che mi hanno sostenuto, hanno creduto nella mia candidatura otto anni fa e l&#8217;hanno riconfermata quattro anni fa &#8211; spiega -. Siamo stati una squadra a tutti i livelli, federativo e dirigenziale, e tutti gli associati hanno sempre sostenuto la nostra linea. La cosa pi\u00f9 importante che abbiamo ottenuto in questi anni \u00e8 stata dare un modello professionale di riferimento alla categoria. La legge dice come diventare agenti immobiliari ma non dice come l&#8217;agente immobiliare deve operare per dare una connotazione pratica alla professionalit\u00e0. Non \u00e8 solo la seriet\u00e0 e l&#8217;etica, \u00e8 soprattutto avere un modello che dia dei servizi reali e concreti di tutela&#8221;.<br \/>\n&#8220;Per noi vuol dire, prima di mettere sul mercato una casa &#8211; sottolinea Baccarini -, controllare tutta la documentazione o farla controllare dai tecnici di riferimento, per dare all&#8217;immobile un valore di mercato congruo. Questo modello di lavoro \u00e8 diventato con una modulistica dedicata una norma UNI. Abbiamo fatto un percorso con l&#8217;Ente Italiano di Normazione, e questo \u00e8 importantissimo perch\u00e8 \u00e8 il serbatoio per una futura legge&#8221;. Il punto chiave \u00e8 la formazione continua: &#8220;La gente investe risparmi accumulati in anni di sacrificio o ipoteca la sua vita per 10, 20, 30 anni. E&#8217; molto importante quindi che queste figure professionali siano adeguatamente preparate, formate e aggiornate&#8221;, conclude il presidente di Fiaip.<div id=\"div-gpt-ad-Messinaoggi.it-DSK-300x250-corpoart\" style=\"text-align:center;margin:0 auto;\"><\/div><\/p>\n<p>&#8211; Foto Italpress &#8211;<div id=\"videoincontent\" style=\"clear:both\";><\/div><\/p>\n<p>(ITALPRESS).<\/p><\/div>\n","protected":false},"excerpt":{"rendered":"<p>ROMA (ITALPRESS) &#8211; &#8220;Serve un fondo europeo per la casa, una sorta di PNRR per le politiche abitative. Se \u00e8 un&#8217;emergenza deve diventare una priorit\u00e0 dell&#8217;agenda politica, per canalizzare le risorse su un piano strutturato di edilizia residenziale sia pubblica che sociale, riqualificando l&#8217;ingente parte di patrimonio pubblico dismesso e in disuso e mettendolo a [&hellip;]<\/p>\n","protected":false},"author":18,"featured_media":250427,"comment_status":"closed","ping_status":"closed","sticky":false,"template":"","format":"standard","meta":{"ub_ctt_via":"","_mi_skip_tracking":false},"categories":[446],"tags":[783],"featured_image_src":"https:\/\/www.messinaoggi.it\/website\/wp-content\/uploads\/2025\/09\/20250919_0294.jpg","author_info":{"display_name":"Admin","author_link":"https:\/\/www.messinaoggi.it\/website\/author\/admin\/"},"digistream_id":0,"digistream":false,"_links":{"self":[{"href":"https:\/\/www.messinaoggi.it\/website\/wp-json\/wp\/v2\/posts\/250426"}],"collection":[{"href":"https:\/\/www.messinaoggi.it\/website\/wp-json\/wp\/v2\/posts"}],"about":[{"href":"https:\/\/www.messinaoggi.it\/website\/wp-json\/wp\/v2\/types\/post"}],"author":[{"embeddable":true,"href":"https:\/\/www.messinaoggi.it\/website\/wp-json\/wp\/v2\/users\/18"}],"replies":[{"embeddable":true,"href":"https:\/\/www.messinaoggi.it\/website\/wp-json\/wp\/v2\/comments?post=250426"}],"version-history":[{"count":0,"href":"https:\/\/www.messinaoggi.it\/website\/wp-json\/wp\/v2\/posts\/250426\/revisions"}],"wp:featuredmedia":[{"embeddable":true,"href":"https:\/\/www.messinaoggi.it\/website\/wp-json\/wp\/v2\/media\/250427"}],"wp:attachment":[{"href":"https:\/\/www.messinaoggi.it\/website\/wp-json\/wp\/v2\/media?parent=250426"}],"wp:term":[{"taxonomy":"category","embeddable":true,"href":"https:\/\/www.messinaoggi.it\/website\/wp-json\/wp\/v2\/categories?post=250426"},{"taxonomy":"post_tag","embeddable":true,"href":"https:\/\/www.messinaoggi.it\/website\/wp-json\/wp\/v2\/tags?post=250426"}],"curies":[{"name":"wp","href":"https:\/\/api.w.org\/{rel}","templated":true}]}}