{"id":250424,"date":"2025-09-19T13:06:26","date_gmt":"2025-09-19T11:06:26","guid":{"rendered":"https:\/\/www.messinaoggi.it\/website\/2025\/09\/19\/martedi-a-sestriere-i-funerali-di-stato-di-matteo-franzoso\/"},"modified":"2025-09-19T13:06:26","modified_gmt":"2025-09-19T11:06:26","slug":"martedi-a-sestriere-i-funerali-di-stato-di-matteo-franzoso","status":"publish","type":"post","link":"https:\/\/www.messinaoggi.it\/website\/2025\/09\/19\/martedi-a-sestriere-i-funerali-di-stato-di-matteo-franzoso\/","title":{"rendered":"Marted\u00ec a Sestriere i funerali di Stato di Matteo Franzoso"},"content":{"rendered":"<div>ROMA (ITALPRESS) &#8211; L&#8217;ultimo saluto a Matteo Franzoso si terr\u00e0 nella chiesa di Sant&#8217;Edoardo a Sestriere: i funerali di Stato sono in programma marted\u00ec 23 settembre alle 16. Lo rende noto la Federazione Sport Invernali.<br \/>Nel pomeriggio di luned\u00ec 22 \u00e8 previsto l&#8217;arrivo a Milano della salma, che sar\u00e0 trasferita a Sestriere e accolta nella camera ardente allestita all&#8217;interno della chiesa di Sant&#8217;Edoardo. La sera stessa, alle 20.30, verr\u00e0 celebrato il rosario.<br \/>Da Sestriere il feretro raggiunger\u00e0 Sauze di Cesana, dove Matteo risiedeva con la sua famiglia. Il suo corpo verr\u00e0 tumulato al cimitero dell&#8217;antica chiesa di San Restituto, dove l&#8217;accesso sar\u00e0 riservato esclusivamente alla famiglia.<br \/>Intanto, la Federazione Internazionale Sci &amp; Snowboard (FIS), sul proprio sito, si \u00e8 detta &#8220;profondamente addolorata per la tragica scomparsa dello sciatore alpino italiano Matteo Franzoso, avvenuta a seguito di una caduta durante un allenamento in Cile&#8221;. &#8220;I nostri pi\u00f9 sentiti pensieri sono con la sua famiglia, gli amici, i compagni di squadra e l&#8217;intera comunit\u00e0 sciistica italiana mentre piangono questa devastante perdita&#8221;, si legge nella lettera odierna. &#8220;Nelle prossime settimane, la FIS intensificher\u00e0 ulteriormente il dialogo con i propri stakeholder, sempre con un unico principio guida: il benessere e la sicurezza degli atleti devono essere al primo posto&#8221;, conclude la Federazione Internazionale.<br \/>&#8211; foto Ipa Agency &#8211;<br \/>(ITALPRESS).<\/div>\n<div id=\"div-gpt-ad-Messinaoggi.it-DSK-300x250-corpoart\" style=\"text-align:center;margin:0 auto;\"><\/div><\/p><div id=\"videoincontent\" style=\"clear:both\";><\/div>","protected":false},"excerpt":{"rendered":"<p>ROMA (ITALPRESS) &#8211; L&#8217;ultimo saluto a Matteo Franzoso si terr\u00e0 nella chiesa di Sant&#8217;Edoardo a Sestriere: i funerali di Stato sono in programma marted\u00ec 23 settembre alle 16. Lo rende noto la Federazione Sport Invernali.Nel pomeriggio di luned\u00ec 22 \u00e8 previsto l&#8217;arrivo a Milano della salma, che sar\u00e0 trasferita a Sestriere e accolta nella camera [&hellip;]<\/p>\n","protected":false},"author":18,"featured_media":250425,"comment_status":"closed","ping_status":"closed","sticky":false,"template":"","format":"standard","meta":{"ub_ctt_via":"","_mi_skip_tracking":false},"categories":[446],"tags":[783],"featured_image_src":"https:\/\/www.messinaoggi.it\/website\/wp-content\/uploads\/2025\/09\/20250919_0272.jpg","author_info":{"display_name":"Admin","author_link":"https:\/\/www.messinaoggi.it\/website\/author\/admin\/"},"digistream_id":0,"digistream":false,"_links":{"self":[{"href":"https:\/\/www.messinaoggi.it\/website\/wp-json\/wp\/v2\/posts\/250424"}],"collection":[{"href":"https:\/\/www.messinaoggi.it\/website\/wp-json\/wp\/v2\/posts"}],"about":[{"href":"https:\/\/www.messinaoggi.it\/website\/wp-json\/wp\/v2\/types\/post"}],"author":[{"embeddable":true,"href":"https:\/\/www.messinaoggi.it\/website\/wp-json\/wp\/v2\/users\/18"}],"replies":[{"embeddable":true,"href":"https:\/\/www.messinaoggi.it\/website\/wp-json\/wp\/v2\/comments?post=250424"}],"version-history":[{"count":0,"href":"https:\/\/www.messinaoggi.it\/website\/wp-json\/wp\/v2\/posts\/250424\/revisions"}],"wp:featuredmedia":[{"embeddable":true,"href":"https:\/\/www.messinaoggi.it\/website\/wp-json\/wp\/v2\/media\/250425"}],"wp:attachment":[{"href":"https:\/\/www.messinaoggi.it\/website\/wp-json\/wp\/v2\/media?parent=250424"}],"wp:term":[{"taxonomy":"category","embeddable":true,"href":"https:\/\/www.messinaoggi.it\/website\/wp-json\/wp\/v2\/categories?post=250424"},{"taxonomy":"post_tag","embeddable":true,"href":"https:\/\/www.messinaoggi.it\/website\/wp-json\/wp\/v2\/tags?post=250424"}],"curies":[{"name":"wp","href":"https:\/\/api.w.org\/{rel}","templated":true}]}}