{"id":250368,"date":"2025-09-18T18:06:33","date_gmt":"2025-09-18T16:06:33","guid":{"rendered":"https:\/\/www.messinaoggi.it\/website\/2025\/09\/18\/farci-relazioni-italia-uzbekistan-si-muovono-attraverso-le-persone\/"},"modified":"2025-09-18T18:06:33","modified_gmt":"2025-09-18T16:06:33","slug":"farci-relazioni-italia-uzbekistan-si-muovono-attraverso-le-persone","status":"publish","type":"post","link":"https:\/\/www.messinaoggi.it\/website\/2025\/09\/18\/farci-relazioni-italia-uzbekistan-si-muovono-attraverso-le-persone\/","title":{"rendered":"Farci \u201cRelazioni Italia-Uzbekistan si muovono attraverso le persone\u201d"},"content":{"rendered":"<div>ROMA (ITALPRESS) &#8211; Le relazioni tra l&#8217;Italia e l&#8217;Uzbekistan &#8220;si muovono attraverso le persone&#8221;. Lo ha dichiarato Marco Farci, vicepresidente della Camera di Commercio Italia-Uzbekistan, intervistato da Claudio Brachino all&#8217;interno della rubrica di geopolitica Diplomacy Magazine dell&#8217;Agenzia Italpress. &#8220;Con la visita della presidente del Consiglio, Giorgia Meloni, abbiamo accelerato delle relazioni che gi\u00e0 stavano andando molto bene tra l&#8217;Italia e l&#8217;Uzbekistan. In questo caso abbiamo visto la partecipazione di nostre grandi aziende, a cominciare da Ansaldo Energia, ma anche diverse aziende piemontesi e della Lombardia che hanno partecipato a questa missione&#8221;, ha osservato Farci. &#8220;Le relazioni tra l&#8217;Italia e l&#8217;Uzbekistan si muovono molto attraverso le persone e in questo caso anche con la Camera di Commercio, che ha favorito il quadro che le nostre imprese possono trovare andando ad avvicinarsi in Uzbekistan&#8221;, ha aggiunto. <br \/>Farci ha precisato che &#8220;una grande frontiera, in questo momento, \u00e8 quella delle materie critiche. Di recente c&#8217;\u00e8 stato l&#8217;incontro tra il ministro uzbeko della Geologia e il nostro ministro Urso, perch\u00e8 l&#8217;Uzbekistan \u00e8 ricco di risorse. Quindi c&#8217;\u00e8 stato un grande invito anche alle nostre imprese a guardare a questo Paese&#8221;. Il punto centrale, secondo Farci, &#8220;quando ci si avvicina a un Paese come l&#8217;Uzbekistan&#8221;, \u00e8 quello di &#8220;creare con loro una partnership vera&#8221;. &#8220;Quello che gli Uzbeki cercano spesso sono delle joint venture, qualcosa che si pu\u00f2 fare insieme&#8221;, ha spiegato. Il vicepresidente della Camera italo-uzbeka ha poi menzionato &#8220;dei bellissimi esempi&#8221; gi\u00e0 esistenti, come nell&#8217;istruzione. &#8220;Abbiamo, per esempio, una sede del Politecnico di Torino da 15 anni, che ha formato gli uzbeki nel settore dell&#8217;ingegneria. L&#8217;Uzbekistan \u00e8 il pi\u00f9 grande produttore di auto dell&#8217;Asia centrale&#8221;, ha detto Farci. &#8220;L&#8217;internazionalizzazione non \u00e8 solo vendere il Made in Italy, ma \u00e8 una reale collaborazione e questo \u00e8 un tema vincente&#8221;, ha aggiunto. Ci sono regioni che pi\u00f9 di altre hanno percorso il cammino verso l&#8217;Uzbekistan, e a questo proposito Farci ha menzionato la Lombardia. &#8220;Ha instaurato un bellissimo rapporto con l&#8217;Uzbekistan, \u00e8 stato realizzato anche un gemellaggio con la regione di Samarcanda. Il presidente della Regione Lombardia \u00e8 gi\u00e0 venuto due volte in Uzbekistan, con una delegazione di imprese. Gli uzbeki hanno anche dato la possibilit\u00e0, per le imprese lombarde che vogliono investire, di avere una zona speciale in cui possono beneficiare di particolari detassazioni o agevolazioni fiscali qualora volessero avviare le loro attivit\u00e0&#8221;, ha ancora spiegato Farci. <br \/>Le relazioni regionali, ha poi precisato, sono molto importanti perch\u00e8 in Uzbekistan le regioni &#8220;hanno una certa autonomia e possono fare degli accordi&#8221;, focalizzandosi magari su determinati settori. In questo contesto, istruzione e formazione restano temi al centro del futuro dei rapporti fra Italia e Uzbekistan. &#8220;L&#8217;Uzbekistan ha 40 milioni di abitanti, di cui il 60% sotto i 30 anni. Quindi parliamo di un popolo estremamente giovane che cresce di un milione di abitanti all&#8217;anno. Possiamo immaginare quanta necessit\u00e0 di formazione ci sia, una formazione europea che gli permetta poi di trainare lo sviluppo del Paese&#8221;, ha spiegato il vicepresidente della Camera di Commercio Italia-Uzbekistan. &#8220;Le nostre universit\u00e0 hanno trovato un grande spazio, dal Politecnico di Torino all&#8217;Universit\u00e0 di Pisa alla Tuscia, ma anche C\u00e0 Foscari. In questo caso \u00e8 stato realizzato il Sistema Paese, perch\u00e8 non ci siamo sovrapposti ma ognuno ha ritagliato un proprio spazio secondo le proprie capacit\u00e0&#8221;, ha concluso.<div id=\"div-gpt-ad-Messinaoggi.it-DSK-300x250-corpoart\" style=\"text-align:center;margin:0 auto;\"><\/div><\/p>\n<p>&#8211; Foto Italpress &#8211;<div id=\"videoincontent\" style=\"clear:both\";><\/div><\/p>\n<p>(ITALPRESS).<\/p><\/div>\n","protected":false},"excerpt":{"rendered":"<p>ROMA (ITALPRESS) &#8211; Le relazioni tra l&#8217;Italia e l&#8217;Uzbekistan &#8220;si muovono attraverso le persone&#8221;. Lo ha dichiarato Marco Farci, vicepresidente della Camera di Commercio Italia-Uzbekistan, intervistato da Claudio Brachino all&#8217;interno della rubrica di geopolitica Diplomacy Magazine dell&#8217;Agenzia Italpress. &#8220;Con la visita della presidente del Consiglio, Giorgia Meloni, abbiamo accelerato delle relazioni che gi\u00e0 stavano andando [&hellip;]<\/p>\n","protected":false},"author":18,"featured_media":250369,"comment_status":"closed","ping_status":"closed","sticky":false,"template":"","format":"standard","meta":{"ub_ctt_via":"","_mi_skip_tracking":false},"categories":[446],"tags":[783],"featured_image_src":"https:\/\/www.messinaoggi.it\/website\/wp-content\/uploads\/2025\/09\/20250918_2372.jpg","author_info":{"display_name":"Admin","author_link":"https:\/\/www.messinaoggi.it\/website\/author\/admin\/"},"digistream_id":0,"digistream":false,"_links":{"self":[{"href":"https:\/\/www.messinaoggi.it\/website\/wp-json\/wp\/v2\/posts\/250368"}],"collection":[{"href":"https:\/\/www.messinaoggi.it\/website\/wp-json\/wp\/v2\/posts"}],"about":[{"href":"https:\/\/www.messinaoggi.it\/website\/wp-json\/wp\/v2\/types\/post"}],"author":[{"embeddable":true,"href":"https:\/\/www.messinaoggi.it\/website\/wp-json\/wp\/v2\/users\/18"}],"replies":[{"embeddable":true,"href":"https:\/\/www.messinaoggi.it\/website\/wp-json\/wp\/v2\/comments?post=250368"}],"version-history":[{"count":0,"href":"https:\/\/www.messinaoggi.it\/website\/wp-json\/wp\/v2\/posts\/250368\/revisions"}],"wp:featuredmedia":[{"embeddable":true,"href":"https:\/\/www.messinaoggi.it\/website\/wp-json\/wp\/v2\/media\/250369"}],"wp:attachment":[{"href":"https:\/\/www.messinaoggi.it\/website\/wp-json\/wp\/v2\/media?parent=250368"}],"wp:term":[{"taxonomy":"category","embeddable":true,"href":"https:\/\/www.messinaoggi.it\/website\/wp-json\/wp\/v2\/categories?post=250368"},{"taxonomy":"post_tag","embeddable":true,"href":"https:\/\/www.messinaoggi.it\/website\/wp-json\/wp\/v2\/tags?post=250368"}],"curies":[{"name":"wp","href":"https:\/\/api.w.org\/{rel}","templated":true}]}}